{"id":207843,"date":"2021-06-25T12:13:46","date_gmt":"2021-06-25T15:13:46","guid":{"rendered":"https:\/\/www.redenoticia.com.br\/noticia\/?p=207843"},"modified":"2021-06-25T12:13:46","modified_gmt":"2021-06-25T15:13:46","slug":"resumo-chiquititas-26-06-carmen-recebe-noticia-que-miguel-esta-preso","status":"publish","type":"post","link":"https:\/\/migracao.redenoticia.com.br\/noticia\/2021\/resumo-chiquititas-26-06-carmen-recebe-noticia-que-miguel-esta-preso\/207843","title":{"rendered":"Resumo \u201cChiquititas\u201d 26\/06: Carmen recebe not\u00edcia que Miguel est\u00e1 preso"},"content":{"rendered":"<p><img loading=\"lazy\" decoding=\"async\" class=\"aligncenter size-full wp-image-195897\" src=\"https:\/\/migracao.redenoticia.com.br\/noticia\/imagens\/chiquititas-resumo-sinopse.jpg\" alt=\"\" width=\"1280\" height=\"720\" srcset=\"https:\/\/migracao.redenoticia.com.br\/noticia\/imagens\/chiquititas-resumo-sinopse.jpg 1280w, https:\/\/migracao.redenoticia.com.br\/noticia\/imagens\/chiquititas-resumo-sinopse-250x140.jpg 250w, https:\/\/migracao.redenoticia.com.br\/noticia\/imagens\/chiquititas-resumo-sinopse-400x225.jpg 400w, https:\/\/migracao.redenoticia.com.br\/noticia\/imagens\/chiquititas-resumo-sinopse-768x432.jpg 768w, https:\/\/migracao.redenoticia.com.br\/noticia\/imagens\/chiquititas-resumo-sinopse-150x85.jpg 150w, https:\/\/migracao.redenoticia.com.br\/noticia\/imagens\/chiquititas-resumo-sinopse-696x392.jpg 696w, https:\/\/migracao.redenoticia.com.br\/noticia\/imagens\/chiquititas-resumo-sinopse-1068x601.jpg 1068w\" sizes=\"auto, (max-width: 1280px) 100vw, 1280px\" \/><\/p>\n<p><strong><em>Resumo da novela \u201cChiquititas\u201d<\/em><\/strong> em 25\/06: no cap\u00edtulo 273(*) da novela, Gabriela conversa com Mili e diz que n\u00e3o ir\u00e1 desistir de adot\u00e1-la, mas que dar\u00e1 um tempo para Marian se acostumar com a ideia. Gabriela diz ainda que Mili ficar\u00e1 desde j\u00e1 na mans\u00e3o dos Almeida Campos. Enquanto isso, no quarto, Carmen conversa com Marian e diz que precisam descobrir uma maneira de fazer com que Mili n\u00e3o fique na mans\u00e3o. Rafa e Samuca tentam conquistar Bel, mas s\u00e3o dispensados por ela. Bel revela para Janu que est\u00e1 confusa, mas pensa gostar dos dois. Dani discute com Junior, vai para o quarto e empurra Maria por ter dito que Junior e Carol se amam. Janu, Janj\u00e3o, Andr\u00e9 e Tatu combinam um plano para afastar Rafa e Samuca de Bel. Janu diz para os dois chiquititos que Bel precisa de uma prova de amor extravagante para escolher com quem ficar\u00e1.<\/p>\n<p>Carmen recebe a not\u00edcia que Miguel est\u00e1 preso. A megera vai at\u00e9 a delegacia e finge que Miguel \u00e9 um homem que tentou assalt\u00e1-la. Andreia e Fernando conversam no hospital para armar um plano para separar Junior e Carol de vez. Fernando diz que Andreia precisa deixar Diego com Junior e fingir que ir\u00e1 fazer um tratamento no Rio de Janeiro. Vivi fica enciumada ao saber que Samuca est\u00e1 apaixonado por Bel. Cris revela para Vivi que nunca namorou Samuca, foi tudo mentira, pois Samuca queria fazer ci\u00fame para ela. Andreia coloca em a\u00e7\u00e3o o plano e deixa Diego com Junior. Bia sonha com a \u00e9poca em que tinha por volta de 3 anos de idade e brincava de boneca em uma das casas da comunidade. Ao acordar, Bia diz para Vivi que precisa ir nessa casa.<\/p>\n<p>(*) edi\u00e7\u00e3o das novelas do SBT, \u201cChiquititas\u201d, sujeito a altera\u00e7\u00e3o de data e conte\u00fado.<\/p>\n","protected":false},"excerpt":{"rendered":"<p>Resumo da novela \u201cChiquititas\u201d em 25\/06: no cap\u00edtulo 273(*) da novela, Gabriela conversa com Mili e diz que n\u00e3o ir\u00e1 desistir de adot\u00e1-la, mas que dar\u00e1 um tempo para Marian se acostumar com a ideia. Gabriela diz ainda que Mili ficar\u00e1 desde j\u00e1 na mans\u00e3o dos Almeida Campos. Enquanto isso, no quarto, Carmen conversa com [&hellip;]<\/p>\n","protected":false},"author":4,"featured_media":195894,"comment_status":"closed","ping_status":"closed","sticky":false,"template":"","format":"standard","meta":{"tdm_status":"","tdm_grid_status":"","footnotes":""},"categories":[409,379,2025,372,343],"tags":[441],"class_list":{"0":"post-207843","1":"post","2":"type-post","3":"status-publish","4":"format-standard","5":"has-post-thumbnail","7":"category-chiquititas","8":"category-novelas","9":"category-resumo","10":"category-sbt","11":"category-televisao","12":"tag-resumo-do-dia"},"_links":{"self":[{"href":"https:\/\/migracao.redenoticia.com.br\/noticia\/wp-json\/wp\/v2\/posts\/207843","targetHints":{"allow":["GET"]}}],"collection":[{"href":"https:\/\/migracao.redenoticia.com.br\/noticia\/wp-json\/wp\/v2\/posts"}],"about":[{"href":"https:\/\/migracao.redenoticia.com.br\/noticia\/wp-json\/wp\/v2\/types\/post"}],"author":[{"embeddable":true,"href":"https:\/\/migracao.redenoticia.com.br\/noticia\/wp-json\/wp\/v2\/users\/4"}],"replies":[{"embeddable":true,"href":"https:\/\/migracao.redenoticia.com.br\/noticia\/wp-json\/wp\/v2\/comments?post=207843"}],"version-history":[{"count":0,"href":"https:\/\/migracao.redenoticia.com.br\/noticia\/wp-json\/wp\/v2\/posts\/207843\/revisions"}],"wp:featuredmedia":[{"embeddable":true,"href":"https:\/\/migracao.redenoticia.com.br\/noticia\/wp-json\/wp\/v2\/media\/195894"}],"wp:attachment":[{"href":"https:\/\/migracao.redenoticia.com.br\/noticia\/wp-json\/wp\/v2\/media?parent=207843"}],"wp:term":[{"taxonomy":"category","embeddable":true,"href":"https:\/\/migracao.redenoticia.com.br\/noticia\/wp-json\/wp\/v2\/categories?post=207843"},{"taxonomy":"post_tag","embeddable":true,"href":"https:\/\/migracao.redenoticia.com.br\/noticia\/wp-json\/wp\/v2\/tags?post=207843"}],"curies":[{"name":"wp","href":"https:\/\/api.w.org\/{rel}","templated":true}]}}