{"id":207866,"date":"2021-06-26T19:59:37","date_gmt":"2021-06-26T22:59:37","guid":{"rendered":"https:\/\/www.redenoticia.com.br\/noticia\/?p=207866"},"modified":"2021-06-26T19:59:37","modified_gmt":"2021-06-26T22:59:37","slug":"resumo-imperio-28-06-jose-alfredo-aceita-fazer-o-exame-de-dna","status":"publish","type":"post","link":"https:\/\/migracao.redenoticia.com.br\/noticia\/2021\/resumo-imperio-28-06-jose-alfredo-aceita-fazer-o-exame-de-dna\/207866","title":{"rendered":"Resumo \u201cImp\u00e9rio\u201d 28\/06: Jos\u00e9 Alfredo aceita fazer o exame de DNA"},"content":{"rendered":"<p> <img loading=\"lazy\" decoding=\"async\" class=\"aligncenter size-full wp-image-205063\" src=\"https:\/\/migracao.redenoticia.com.br\/noticia\/imagens\/novela-imperio-resumo-elenco.jpeg\" alt=\"\" width=\"1280\" height=\"720\" srcset=\"https:\/\/migracao.redenoticia.com.br\/noticia\/imagens\/novela-imperio-resumo-elenco.jpeg 1280w, https:\/\/migracao.redenoticia.com.br\/noticia\/imagens\/novela-imperio-resumo-elenco-250x140.jpeg 250w, https:\/\/migracao.redenoticia.com.br\/noticia\/imagens\/novela-imperio-resumo-elenco-400x225.jpeg 400w, https:\/\/migracao.redenoticia.com.br\/noticia\/imagens\/novela-imperio-resumo-elenco-768x432.jpeg 768w, https:\/\/migracao.redenoticia.com.br\/noticia\/imagens\/novela-imperio-resumo-elenco-150x85.jpeg 150w\" sizes=\"auto, (max-width: 1280px) 100vw, 1280px\" \/><\/p>\n<p><em><strong>Resumo novela \u201cImp\u00e9rio\u201d<\/strong><\/em> em 28\/06: no cap\u00edtulo 067(*) da novela, Jos\u00e9 Alfredo aceita fazer o exame de DNA. Cora v\u00ea Jairo atr\u00e1s dela e fica intrigada. Tuane, Elivaldo e Victor saem juntos. Jurema expulsa Reginaldo de casa. Cora conversa com Jairo. Jos\u00e9 Alfredo conta para Manoel como foi a festa de Maria Clara. Cora fica radiante ao saber que Cristina far\u00e1 o exame de DNA. Wilson carrega Salvador desmaiado para fora do manic\u00f4mio.<\/p>\n<p>Marta decide ir atr\u00e1s de Jos\u00e9 Alfredo na casa de Maria \u00cdsis. Maria Clara d\u00e1 uma carona para Vicente. Reginaldo procura Tuane. Cora pensa em Jairo. Wilson deixa Salvador na rua. Orville e Carmem comemoram o leil\u00e3o. Cristina v\u00ea Vicente chegar em casa com Maria Clara. Maria Marta invade a casa de Maria \u00cdsis e flagra Jos\u00e9 Alfredo com a amante na cama.<\/p>\n<p>(*) edi\u00e7\u00e3o das novelas da Globo, \u201cImp\u00e9rio\u201d, sujeito a altera\u00e7\u00e3o de data e conte\u00fado.<\/p>\n<p>Sinopse Novela &#8220;Imp\u00e9rio&#8221;: hist\u00f3ria do pernambucano Jos\u00e9 Alfredo de Medeiros (Chay Suede\/Alexandre Nero), o homem de preto. Dono de uma rede de joalherias, o Comendador tem tr\u00eas filhos com a aristocrata falida Maria Marta Mendon\u00e7a e Albuquerque (Adriana Birolli\/Lilia Cabral): Jos\u00e9 Pedro (Caio Blat), Maria Clara (Andreia Horta) e Jo\u00e3o Lucas (Daniel Rocha). Os tr\u00eas disputam a heran\u00e7a da empresa constru\u00edda pelo pai. <\/p>\n","protected":false},"excerpt":{"rendered":"<p>Resumo novela \u201cImp\u00e9rio\u201d em 28\/06: no cap\u00edtulo 067(*) da novela, Jos\u00e9 Alfredo aceita fazer o exame de DNA. Cora v\u00ea Jairo atr\u00e1s dela e fica intrigada. Tuane, Elivaldo e Victor saem juntos. Jurema expulsa Reginaldo de casa. Cora conversa com Jairo. Jos\u00e9 Alfredo conta para Manoel como foi a festa de Maria Clara. Cora fica [&hellip;]<\/p>\n","protected":false},"author":2,"featured_media":205061,"comment_status":"closed","ping_status":"closed","sticky":false,"template":"","format":"standard","meta":{"tdm_status":"","tdm_grid_status":"","footnotes":""},"categories":[2196,379,375,2025,343],"tags":[441],"class_list":{"0":"post-207866","1":"post","2":"type-post","3":"status-publish","4":"format-standard","5":"has-post-thumbnail","7":"category-imperio","8":"category-novelas","9":"category-rede-globo","10":"category-resumo","11":"category-televisao","12":"tag-resumo-do-dia"},"_links":{"self":[{"href":"https:\/\/migracao.redenoticia.com.br\/noticia\/wp-json\/wp\/v2\/posts\/207866","targetHints":{"allow":["GET"]}}],"collection":[{"href":"https:\/\/migracao.redenoticia.com.br\/noticia\/wp-json\/wp\/v2\/posts"}],"about":[{"href":"https:\/\/migracao.redenoticia.com.br\/noticia\/wp-json\/wp\/v2\/types\/post"}],"author":[{"embeddable":true,"href":"https:\/\/migracao.redenoticia.com.br\/noticia\/wp-json\/wp\/v2\/users\/2"}],"replies":[{"embeddable":true,"href":"https:\/\/migracao.redenoticia.com.br\/noticia\/wp-json\/wp\/v2\/comments?post=207866"}],"version-history":[{"count":0,"href":"https:\/\/migracao.redenoticia.com.br\/noticia\/wp-json\/wp\/v2\/posts\/207866\/revisions"}],"wp:featuredmedia":[{"embeddable":true,"href":"https:\/\/migracao.redenoticia.com.br\/noticia\/wp-json\/wp\/v2\/media\/205061"}],"wp:attachment":[{"href":"https:\/\/migracao.redenoticia.com.br\/noticia\/wp-json\/wp\/v2\/media?parent=207866"}],"wp:term":[{"taxonomy":"category","embeddable":true,"href":"https:\/\/migracao.redenoticia.com.br\/noticia\/wp-json\/wp\/v2\/categories?post=207866"},{"taxonomy":"post_tag","embeddable":true,"href":"https:\/\/migracao.redenoticia.com.br\/noticia\/wp-json\/wp\/v2\/tags?post=207866"}],"curies":[{"name":"wp","href":"https:\/\/api.w.org\/{rel}","templated":true}]}}