{"id":207867,"date":"2021-06-26T19:52:02","date_gmt":"2021-06-26T22:52:02","guid":{"rendered":"https:\/\/www.redenoticia.com.br\/noticia\/?p=207867"},"modified":"2021-06-26T19:52:02","modified_gmt":"2021-06-26T22:52:02","slug":"resumo-tititi-28-06-edgar-descobre-que-marcela-aceitou-se-casar-com-renato","status":"publish","type":"post","link":"https:\/\/migracao.redenoticia.com.br\/noticia\/2021\/resumo-tititi-28-06-edgar-descobre-que-marcela-aceitou-se-casar-com-renato\/207867","title":{"rendered":"Resumo \u201cTiTiTi\u201d 28\/06: Edgar descobre que Marcela aceitou se casar com Renato"},"content":{"rendered":"<p> <img loading=\"lazy\" decoding=\"async\" src=\"https:\/\/migracao.redenoticia.com.br\/noticia\/imagens\/tititi-elenco-personagens.jpeg\" alt=\"\" width=\"1280\" height=\"720\" class=\"aligncenter size-full wp-image-204657\" srcset=\"https:\/\/migracao.redenoticia.com.br\/noticia\/imagens\/tititi-elenco-personagens.jpeg 1280w, https:\/\/migracao.redenoticia.com.br\/noticia\/imagens\/tititi-elenco-personagens-250x140.jpeg 250w, https:\/\/migracao.redenoticia.com.br\/noticia\/imagens\/tititi-elenco-personagens-400x225.jpeg 400w, https:\/\/migracao.redenoticia.com.br\/noticia\/imagens\/tititi-elenco-personagens-768x432.jpeg 768w, https:\/\/migracao.redenoticia.com.br\/noticia\/imagens\/tititi-elenco-personagens-150x85.jpeg 150w\" sizes=\"auto, (max-width: 1280px) 100vw, 1280px\" \/><\/p>\n<p><em><strong>Resumo da novela \u201cTiTiTi\u201d<\/strong><\/em> em 28\/06: no cap\u00edtulo 066(*) da novela, Edgar e Bruna visitam Gustavo, que pergunta por Marcela. Marcela acerta seu casamento com Renato para salvar a Moda Brasil. Chico briga com Ariclenes por causa de Nicole. Jacques deixa Jaqueline dormindo e se encontra com Clotilde. Armandinho passa a noite com St\u00e9fany. Jacques chega ao pr\u00e9dio de Clotilde e o porteiro liga para Jaqueline.<\/p>\n<p>Marcela chega em casa tarde e Edgar questiona sua demora. Pedro leva uma surra de Fabinho. Jorgito tenta seduzir Desir\u00e9e. Fabinho ganha a admira\u00e7\u00e3o de Amanda por ter defendido Gabriela de Pedro. Jaqueline desperta sozinha na cama e suspeita que Jacques passou a noite fora. Ariclenes conta que beijou Nicole por causa do batom e Chico o perdoa.<\/p>\n<p>Dona Mocinha v\u00ea St\u00e9phany agradando Armandinho e se revolta. Pedro conta que apanhou de Fabinho e Valqu\u00edria comemora. Amanda ouve Gabriela delirando e chama a m\u00e3e para acudi-la. Jacques descobre que Jaqueline recebeu uma chamada do pr\u00e9dio de Clotilde. Marta invade a casa de Jacques e ofende Pedro. Gustavo volta para casa e demonstra preocupa\u00e7\u00e3o com Marcela.<\/p>\n<p>Giancarlo comunica a Suzana e sua equipe que desistiu de fechar a Moda Brasil. Ariclenes pede para Rony refazer o croqui do vestido de Linda e ele exige ver Valentim. Felipe e Mabi procuram Marta e pedem para morar com ela. Bruna avisa que Giancarlo voltou atr\u00e1s em sua decis\u00e3o e Edgar desconfia de Marcela.<\/p>\n<p>Breno teme ser desmascarado pelo m\u00e9dico de Rebeca<\/p>\n<p>Edgar pressiona Marcela a dizer se esteve com Giancarlo e ela mente. J\u00falia desconfia que Felipe e Mabi fugiram de casa e se desespera. Giancarlo confirma que Marcela aceitou seu acordo e Stela tenta convencer o filho a n\u00e3o levar o plano adiante. Marcela conta para Bruna que se casar\u00e1 com Renato. Lu\u00edsa sugere que tem algo por tr\u00e1s da decis\u00e3o de Giancarlo de manter a Moda Brasil e deixa Edgar intrigado.<\/p>\n<p>Ariclenes fica ainda mais confuso com o croqui de Rony e resolve visitar Cec\u00edlia. Luti v\u00ea Mabi e Felipe na casa de Marta e avisa a Valqu\u00edria. Cec\u00edlia diz que n\u00e3o liga mais para as suas bonecas e surpreende Ariclenes. Bruna surge na mans\u00e3o de Giancarlo e discute com ele. Julinho insinua que Marcela ainda gosta de Renato, mas ela nega. Ros\u00e1rio conta para Jaqueline que achou seu celular no bolso de Jacques.<\/p>\n<p>Mabi conversa com Ariclenes e repara no croqui de Rony. Jacques vai ao apartamento de Clotilde e v\u00ea Gen\u00e9sio na portaria. Mabi refaz o croqui de Rony e entrega para Ariclenes. J\u00falia vai \u00e0 casa de Marta buscar os netos e \u00e9 convencida a deix\u00e1-los por l\u00e1.<\/p>\n<p>Breno teme ser desmascarado pelo m\u00e9dico de Rebeca. Jaqueline aparece no pr\u00e9dio de Clotilde e Gen\u00e9sio lhe d\u00e1 uma c\u00f3pia da chave do apartamento da secret\u00e1ria. Olga queima o boneco de Valentim e, em choque, Cec\u00edlia lembra do seu passado. Edgar descobre que Marcela aceitou se casar com Renato.<\/p>\n<p>(*) edi\u00e7\u00e3o das novelas da Globo, \u201cTiTiTi\u201d, sujeito a altera\u00e7\u00e3o de data e conte\u00fado.<\/p>\n<p>Sinopse &#8220;TiTiTi&#8221;: Alexandre Borges e Murilo Ben\u00edcio interpretam os rivais da hist\u00f3ria, respectivamente Jacques Leclair e Victor Valentim, que passam a novela inteira se digladiando para ver quem sobressai no mundo na moda como estilista bem-sucedido, com o nome transformado em grife e as cole\u00e7\u00f5es desfiladas nas grandes semanas de moda e fotografadas para as revistas de celebridades.<\/p>\n","protected":false},"excerpt":{"rendered":"<p>Resumo da novela \u201cTiTiTi\u201d em 28\/06: no cap\u00edtulo 066(*) da novela, Edgar e Bruna visitam Gustavo, que pergunta por Marcela. Marcela acerta seu casamento com Renato para salvar a Moda Brasil. Chico briga com Ariclenes por causa de Nicole. Jacques deixa Jaqueline dormindo e se encontra com Clotilde. Armandinho passa a noite com St\u00e9fany. Jacques [&hellip;]<\/p>\n","protected":false},"author":2,"featured_media":204655,"comment_status":"closed","ping_status":"closed","sticky":false,"template":"","format":"standard","meta":{"tdm_status":"","tdm_grid_status":"","footnotes":""},"categories":[379,375,2025,343,2193],"tags":[441],"class_list":{"0":"post-207867","1":"post","2":"type-post","3":"status-publish","4":"format-standard","5":"has-post-thumbnail","7":"category-novelas","8":"category-rede-globo","9":"category-resumo","10":"category-televisao","11":"category-tititi","12":"tag-resumo-do-dia"},"_links":{"self":[{"href":"https:\/\/migracao.redenoticia.com.br\/noticia\/wp-json\/wp\/v2\/posts\/207867","targetHints":{"allow":["GET"]}}],"collection":[{"href":"https:\/\/migracao.redenoticia.com.br\/noticia\/wp-json\/wp\/v2\/posts"}],"about":[{"href":"https:\/\/migracao.redenoticia.com.br\/noticia\/wp-json\/wp\/v2\/types\/post"}],"author":[{"embeddable":true,"href":"https:\/\/migracao.redenoticia.com.br\/noticia\/wp-json\/wp\/v2\/users\/2"}],"replies":[{"embeddable":true,"href":"https:\/\/migracao.redenoticia.com.br\/noticia\/wp-json\/wp\/v2\/comments?post=207867"}],"version-history":[{"count":0,"href":"https:\/\/migracao.redenoticia.com.br\/noticia\/wp-json\/wp\/v2\/posts\/207867\/revisions"}],"wp:featuredmedia":[{"embeddable":true,"href":"https:\/\/migracao.redenoticia.com.br\/noticia\/wp-json\/wp\/v2\/media\/204655"}],"wp:attachment":[{"href":"https:\/\/migracao.redenoticia.com.br\/noticia\/wp-json\/wp\/v2\/media?parent=207867"}],"wp:term":[{"taxonomy":"category","embeddable":true,"href":"https:\/\/migracao.redenoticia.com.br\/noticia\/wp-json\/wp\/v2\/categories?post=207867"},{"taxonomy":"post_tag","embeddable":true,"href":"https:\/\/migracao.redenoticia.com.br\/noticia\/wp-json\/wp\/v2\/tags?post=207867"}],"curies":[{"name":"wp","href":"https:\/\/api.w.org\/{rel}","templated":true}]}}