{"id":207871,"date":"2021-06-26T19:50:06","date_gmt":"2021-06-26T22:50:06","guid":{"rendered":"https:\/\/www.redenoticia.com.br\/noticia\/?p=207871"},"modified":"2021-06-26T19:50:06","modified_gmt":"2021-06-26T22:50:06","slug":"novela-malhacao-sonhos-28-06-lincoln-expulsa-jeff-de-casa","status":"publish","type":"post","link":"https:\/\/migracao.redenoticia.com.br\/noticia\/2021\/novela-malhacao-sonhos-28-06-lincoln-expulsa-jeff-de-casa\/207871","title":{"rendered":"Novela &#8220;Malha\u00e7\u00e3o&#8221; Sonhos 28\/06: Lincoln expulsa Jeff de casa"},"content":{"rendered":"<p> <img loading=\"lazy\" decoding=\"async\" class=\"aligncenter size-full wp-image-202688\" src=\"https:\/\/migracao.redenoticia.com.br\/noticia\/imagens\/malhacao-sonhos-elenco-protagonistas.jpg\" alt=\"\" width=\"1280\" height=\"720\" srcset=\"https:\/\/migracao.redenoticia.com.br\/noticia\/imagens\/malhacao-sonhos-elenco-protagonistas.jpg 1280w, https:\/\/migracao.redenoticia.com.br\/noticia\/imagens\/malhacao-sonhos-elenco-protagonistas-250x140.jpg 250w, https:\/\/migracao.redenoticia.com.br\/noticia\/imagens\/malhacao-sonhos-elenco-protagonistas-400x225.jpg 400w, https:\/\/migracao.redenoticia.com.br\/noticia\/imagens\/malhacao-sonhos-elenco-protagonistas-768x432.jpg 768w, https:\/\/migracao.redenoticia.com.br\/noticia\/imagens\/malhacao-sonhos-elenco-protagonistas-150x85.jpg 150w\" sizes=\"auto, (max-width: 1280px) 100vw, 1280px\" \/><\/p>\n<p><em><strong>Resumo da novela &#8220;Malha\u00e7\u00e3o&#8221; Sonhos<\/strong><\/em> em 28\/06: no cap\u00edtulo 111(*) da novela, Pedro d\u00e1 uma li\u00e7\u00e3o de moral em Roberta. Edgard orienta Jade e pede que ela se afaste de Cobra. Edgard conversa com Lucr\u00e9cia sobre o comportamento dela com a filha. Em aula de v\u00eddeo, Joaquina consegue beijar Ren\u00e9, que se desespera com a aluna. Dandara se preocupa com Delma e sua fam\u00edlia. Delma e Pedro contam para Tomtom que Marcelo saiu de casa. Lucr\u00e9cia consola Jade e incentiva a filha a lutar por seus sonhos.<\/p>\n<p>Lincoln enfrenta Simpl\u00edcio. Sol conta para Karina sobre a separa\u00e7\u00e3o de Delma e Marcelo. Dandara consola Delma. Lincoln avisa a Bete sobre a presen\u00e7a de Simpl\u00edcio nas redondezas. Com a ajuda de Sol, Wallace e B\u00e1rbara, Jeff dan\u00e7a para seu pai no meio da rua. Karina e Pedro conseguem animar Tomtom. Pedro e Tomtom procuram Marcelo. Jeff afirma que lutar\u00e1 por seu sonho de dan\u00e7ar e Lincoln expulsa o filho de casa.<\/p>\n<p>Bianca encontra Henrique<\/p>\n<p>Rute se desespera e Jeff vai para a casa de Bete. Marcelo sofre com a separa\u00e7\u00e3o. Bete e Sol acolhem Jeff e Rute vai atr\u00e1s do filho. Lincoln chora. Duca tenta se aproximar de Roberta, que o rejeita. Delma expulsa Marcelo do restaurante. Lincoln ofende Jeff e sofre sozinho. Lucr\u00e9cia e os alunos da Ribalta comemoram a volta de Jeff.<\/p>\n<p>Dandara e Edgard anunciam aos alunos que haver\u00e1 um workshop sobre Shakespeare em um acampamento. Delma vai at\u00e9 a Aquazen e briga com Roberta. Gael decide levar a turma da academia para acampar no mesmo local que os alunos da Ribalta e Bianca se incomoda. Jo\u00e3o acompanha Bianca ao lan\u00e7amento da cole\u00e7\u00e3o de sand\u00e1lias para a qual a menina desfilou. Bianca encontra Henrique.<\/p>\n<p>(*) edi\u00e7\u00e3o das novelas da Globo, \u201cMalha\u00e7\u00e3o\u201d Sonhos, sujeito a altera\u00e7\u00e3o de data e conte\u00fado.<\/p>\n<p>Sinopse Novela &#8220;Malha\u00e7\u00e3o&#8221; Sonhos: Formar campe\u00f5es e repassar os princ\u00edpios das artes marciais para os alunos s\u00e3o alguns dos sonhos de Gael (Eriberto Le\u00e3o). Duca (Arthur Aguiar) \u00e9 seu melhor atleta. Ele est\u00e1 sempre acompanhado dos amigos Z\u00e9 (Bruno Fraga) e Marc\u00e3o (Jean Amorim). Karina (Isabella Santoni), filha de Gael, n\u00e3o aceita que o pai s\u00f3 tenha olhos para Duca e treina para ser uma grande lutadora. A ca\u00e7ula do mestre \u00e9 apaixonada pelo disc\u00edpulo do pai e n\u00e3o sabe que ele e sua irm\u00e3, Bianca (Bruna Ham\u00fa), est\u00e3o prestes a assumir o namoro. <\/p>\n","protected":false},"excerpt":{"rendered":"<p>Resumo da novela &#8220;Malha\u00e7\u00e3o&#8221; Sonhos em 28\/06: no cap\u00edtulo 111(*) da novela, Pedro d\u00e1 uma li\u00e7\u00e3o de moral em Roberta. Edgard orienta Jade e pede que ela se afaste de Cobra. Edgard conversa com Lucr\u00e9cia sobre o comportamento dela com a filha. Em aula de v\u00eddeo, Joaquina consegue beijar Ren\u00e9, que se desespera com a [&hellip;]<\/p>\n","protected":false},"author":2,"featured_media":202687,"comment_status":"closed","ping_status":"closed","sticky":false,"template":"","format":"standard","meta":{"tdm_status":"","tdm_grid_status":"","footnotes":""},"categories":[447,379,375,2025,343],"tags":[441],"class_list":{"0":"post-207871","1":"post","2":"type-post","3":"status-publish","4":"format-standard","5":"has-post-thumbnail","7":"category-malhacao","8":"category-novelas","9":"category-rede-globo","10":"category-resumo","11":"category-televisao","12":"tag-resumo-do-dia"},"_links":{"self":[{"href":"https:\/\/migracao.redenoticia.com.br\/noticia\/wp-json\/wp\/v2\/posts\/207871","targetHints":{"allow":["GET"]}}],"collection":[{"href":"https:\/\/migracao.redenoticia.com.br\/noticia\/wp-json\/wp\/v2\/posts"}],"about":[{"href":"https:\/\/migracao.redenoticia.com.br\/noticia\/wp-json\/wp\/v2\/types\/post"}],"author":[{"embeddable":true,"href":"https:\/\/migracao.redenoticia.com.br\/noticia\/wp-json\/wp\/v2\/users\/2"}],"replies":[{"embeddable":true,"href":"https:\/\/migracao.redenoticia.com.br\/noticia\/wp-json\/wp\/v2\/comments?post=207871"}],"version-history":[{"count":0,"href":"https:\/\/migracao.redenoticia.com.br\/noticia\/wp-json\/wp\/v2\/posts\/207871\/revisions"}],"wp:featuredmedia":[{"embeddable":true,"href":"https:\/\/migracao.redenoticia.com.br\/noticia\/wp-json\/wp\/v2\/media\/202687"}],"wp:attachment":[{"href":"https:\/\/migracao.redenoticia.com.br\/noticia\/wp-json\/wp\/v2\/media?parent=207871"}],"wp:term":[{"taxonomy":"category","embeddable":true,"href":"https:\/\/migracao.redenoticia.com.br\/noticia\/wp-json\/wp\/v2\/categories?post=207871"},{"taxonomy":"post_tag","embeddable":true,"href":"https:\/\/migracao.redenoticia.com.br\/noticia\/wp-json\/wp\/v2\/tags?post=207871"}],"curies":[{"name":"wp","href":"https:\/\/api.w.org\/{rel}","templated":true}]}}