{"id":207916,"date":"2021-06-28T13:31:07","date_gmt":"2021-06-28T16:31:07","guid":{"rendered":"https:\/\/www.redenoticia.com.br\/noticia\/?p=207916"},"modified":"2021-06-28T13:31:07","modified_gmt":"2021-06-28T16:31:07","slug":"resumo-tititi-29-06-edgar-afirma-que-nao-deixara-marcela-se-casar-com-renato","status":"publish","type":"post","link":"https:\/\/migracao.redenoticia.com.br\/noticia\/2021\/resumo-tititi-29-06-edgar-afirma-que-nao-deixara-marcela-se-casar-com-renato\/207916","title":{"rendered":"Resumo \u201cTiTiTi\u201d 29\/06: Edgar afirma que n\u00e3o deixar\u00e1 Marcela se casar com Renato"},"content":{"rendered":"<p><img loading=\"lazy\" decoding=\"async\" src=\"https:\/\/migracao.redenoticia.com.br\/noticia\/imagens\/tititi-elenco-personagens.jpeg\" alt=\"\" width=\"1280\" height=\"720\" class=\"aligncenter size-full wp-image-204657\" srcset=\"https:\/\/migracao.redenoticia.com.br\/noticia\/imagens\/tititi-elenco-personagens.jpeg 1280w, https:\/\/migracao.redenoticia.com.br\/noticia\/imagens\/tititi-elenco-personagens-250x140.jpeg 250w, https:\/\/migracao.redenoticia.com.br\/noticia\/imagens\/tititi-elenco-personagens-400x225.jpeg 400w, https:\/\/migracao.redenoticia.com.br\/noticia\/imagens\/tititi-elenco-personagens-768x432.jpeg 768w, https:\/\/migracao.redenoticia.com.br\/noticia\/imagens\/tititi-elenco-personagens-150x85.jpeg 150w\" sizes=\"auto, (max-width: 1280px) 100vw, 1280px\" \/><\/p>\n<p><em><strong>Resumo da novela \u201cTiTiTi\u201d<\/strong><\/em> em 29\/06: no cap\u00edtulo 067(*) da novela, Edgar n\u00e3o se conforma com a decis\u00e3o de Marcela de se casar com Renato e procura Giancarlo. Jaqueline n\u00e3o tem coragem de entrar no apartamento de Clotilde. Cec\u00edlia delira e fala de seu passado para Dr. Queiroz. Ariclenes elogia o talento de Mabi. Edgar discute com Giancarllo. Gustavo tenta fazer Marcela mudar de ideia sobre o casamento.<\/p>\n<p>Breno simula um inc\u00eandio no consult\u00f3rio e foge da consulta. Suzana conta para Ariclenes que a Moda Brasil est\u00e1 salva e pede para entrevistar Valentim no ateli\u00ea. Marcela vai embora da mans\u00e3o dos Sampaio e promete voltar para Edgar em um ano. Rebeca avisa a Breno que s\u00f3 se casar\u00e1 com ele depois da consulta m\u00e9dica.<\/p>\n<p>Marcela pede abrigo para Eduardo e Julinho. Breno fica preso no elevador com Dorinha. St\u00e9fany joga fora o ber\u00e7o que Armandinho fez. Jacques chega \u00e0 casa de Marta para buscar Lipe e Mabi e encontra Ariclenes. Edgar afirma para a m\u00e3e que n\u00e3o deixar\u00e1 Marcela se casar com Renato.<\/p>\n<p>Luti se espanta ao ver Amanda com Fabinho<\/p>\n<p>Felipe e Mabi se recusam a voltar para casa e Jacques \u00e9 expulso da vila. Desir\u00e9e fica com pena ao ver Armandinho recuperar o ber\u00e7o que St\u00e9fany descartou e Jorgito percebe. Jaqueline pressiona Jacques a demitir Clotilde. Luti se espanta ao ver Amanda com Fabinho.<\/p>\n<p>Camila confessa que est\u00e1 apaixonada por Luti e Rebeca a apoia. Victor Valentim recebe Suzana no ateli\u00ea. Lipe d\u00e1 dicas de sedu\u00e7\u00e3o para Chico conquistar Nicole. Ariclenes fica com ci\u00fames da rela\u00e7\u00e3o de Suzana com Valentim. O zelador do pr\u00e9dio abre o elevador e encontra Breno e Dorinha dormindo.<\/p>\n<p>Bruna comenta com Edgar que Marcela est\u00e1 com Julinho e ele vai atr\u00e1s dela. J\u00falia visita os netos na casa de Marta. Gabriela some do quarto e Amanda estranha. Jaqueline demite Clotilde. Renato conversa com Marcela no apartamento de Eduardo quando Edgar chega.<\/p>\n<p>(*) edi\u00e7\u00e3o das novelas da Globo, \u201cTiTiTi\u201d, sujeito a altera\u00e7\u00e3o de data e conte\u00fado.<\/p>\n<p>Sinopse &#8220;TiTiTi&#8221;: Alexandre Borges e Murilo Ben\u00edcio interpretam os rivais da hist\u00f3ria, respectivamente Jacques Leclair e Victor Valentim, que passam a novela inteira se digladiando para ver quem sobressai no mundo na moda como estilista bem-sucedido, com o nome transformado em grife e as cole\u00e7\u00f5es desfiladas nas grandes semanas de moda e fotografadas para as revistas de celebridades.<\/p>\n","protected":false},"excerpt":{"rendered":"<p>Resumo da novela \u201cTiTiTi\u201d em 29\/06: no cap\u00edtulo 067(*) da novela, Edgar n\u00e3o se conforma com a decis\u00e3o de Marcela de se casar com Renato e procura Giancarlo. Jaqueline n\u00e3o tem coragem de entrar no apartamento de Clotilde. Cec\u00edlia delira e fala de seu passado para Dr. Queiroz. Ariclenes elogia o talento de Mabi. Edgar [&hellip;]<\/p>\n","protected":false},"author":4,"featured_media":204655,"comment_status":"closed","ping_status":"closed","sticky":false,"template":"","format":"standard","meta":{"tdm_status":"","tdm_grid_status":"","footnotes":""},"categories":[379,375,2025,343,2193],"tags":[441],"class_list":{"0":"post-207916","1":"post","2":"type-post","3":"status-publish","4":"format-standard","5":"has-post-thumbnail","7":"category-novelas","8":"category-rede-globo","9":"category-resumo","10":"category-televisao","11":"category-tititi","12":"tag-resumo-do-dia"},"_links":{"self":[{"href":"https:\/\/migracao.redenoticia.com.br\/noticia\/wp-json\/wp\/v2\/posts\/207916","targetHints":{"allow":["GET"]}}],"collection":[{"href":"https:\/\/migracao.redenoticia.com.br\/noticia\/wp-json\/wp\/v2\/posts"}],"about":[{"href":"https:\/\/migracao.redenoticia.com.br\/noticia\/wp-json\/wp\/v2\/types\/post"}],"author":[{"embeddable":true,"href":"https:\/\/migracao.redenoticia.com.br\/noticia\/wp-json\/wp\/v2\/users\/4"}],"replies":[{"embeddable":true,"href":"https:\/\/migracao.redenoticia.com.br\/noticia\/wp-json\/wp\/v2\/comments?post=207916"}],"version-history":[{"count":0,"href":"https:\/\/migracao.redenoticia.com.br\/noticia\/wp-json\/wp\/v2\/posts\/207916\/revisions"}],"wp:featuredmedia":[{"embeddable":true,"href":"https:\/\/migracao.redenoticia.com.br\/noticia\/wp-json\/wp\/v2\/media\/204655"}],"wp:attachment":[{"href":"https:\/\/migracao.redenoticia.com.br\/noticia\/wp-json\/wp\/v2\/media?parent=207916"}],"wp:term":[{"taxonomy":"category","embeddable":true,"href":"https:\/\/migracao.redenoticia.com.br\/noticia\/wp-json\/wp\/v2\/categories?post=207916"},{"taxonomy":"post_tag","embeddable":true,"href":"https:\/\/migracao.redenoticia.com.br\/noticia\/wp-json\/wp\/v2\/tags?post=207916"}],"curies":[{"name":"wp","href":"https:\/\/api.w.org\/{rel}","templated":true}]}}