{"id":20794,"date":"2009-12-27T23:23:48","date_gmt":"2009-12-28T03:23:48","guid":{"rendered":"http:\/\/www.redenoticia.com.br\/noticia\/?p=20794"},"modified":"2009-12-27T23:23:48","modified_gmt":"2009-12-28T03:23:48","slug":"rede-record-mostra-a-sexta-eliminacao-de-a-fazenda","status":"publish","type":"post","link":"https:\/\/migracao.redenoticia.com.br\/noticia\/2009\/rede-record-mostra-a-sexta-eliminacao-de-a-fazenda\/20794","title":{"rendered":"Rede Record mostra a sexta elimina\u00e7\u00e3o de A Fazenda"},"content":{"rendered":"<p><strong><em><img loading=\"lazy\" decoding=\"async\" class=\"alignleft size-full wp-image-17492\" title=\"a fazenda 2\" src=\"https:\/\/migracao.redenoticia.com.br\/noticia\/imagens\/a-fazenda-2.jpg\" alt=\"\" width=\"300\" height=\"193\" srcset=\"https:\/\/migracao.redenoticia.com.br\/noticia\/imagens\/a-fazenda-2.jpg 300w, https:\/\/migracao.redenoticia.com.br\/noticia\/imagens\/a-fazenda-2-250x160.jpg 250w, https:\/\/migracao.redenoticia.com.br\/noticia\/imagens\/a-fazenda-2-150x96.jpg 150w\" sizes=\"auto, (max-width: 300px) 100vw, 300px\" \/>Rede Record<\/em><\/strong> \u2013 neste domingo (27\/12) a Rede Record teve que apresentar a sexta elimina\u00e7\u00e3o do programa <strong><em>A Fazenda<\/em><\/strong> ao vivo, com o som da chuva forte que caia em Itu. Britto Jr, o apresentador de A Fazenda brincou e falou que a chuva seria o fundo musical de uma noite tensa para os pe\u00f5es <strong><em>Maur\u00edcio Manieri<\/em><\/strong>, Karina Bachi e Cacau Melo.<\/p>\n<p>Ap\u00f3s a exibi\u00e7\u00e3o da retrospectiva da semana em A Fazenda da Rede Record, Britto Jr anunciou que Cacau estava salva da elimina\u00e7\u00e3o. Cacau foi a primeira a ganhar o passaporte para a festa de Ano Novo, que promete ser agitada para os oito pe\u00f5es que ainda permanecem na disputa pelo milh\u00e3o de A Fazenda.<\/p>\n<p>Depois do retorno de Cacau para a sede do programa, Maur\u00edcio Manieri recebeu a not\u00edcia de sua elimina\u00e7\u00e3o. Do lado de fora de A Fazenda estavam sua esposa, gr\u00e1vida de cinco meses, e sua m\u00e3e. Antes da despedida final, Maur\u00edcio escolheu o fazendeiro da semana entre Leozinho e Igor, selecionados na noite anterior por uma regra do jogo dos bichos. Maur\u00edcio escolheu Leozinho pela personalidade e melhor conviv\u00eancia no per\u00edodo, mesmo sendo lembrado por Britto Jr que o pe\u00e3o foi o \u00fanico que ainda n\u00e3o participou da ro\u00e7a.<\/p>\n<p>Ap\u00f3s a elimina\u00e7\u00e3o, a Rede Record mostrou a forma\u00e7\u00e3o de novas equipes que ir\u00e3o participar de disputas durante a semana em A Fazenda. Mateus, Igor, Karina e Leozinho formaram o grupo Coelho, nome sugerido por Karina. Andr\u00e9, Caco, Sheila e Cacau formaram o grupo Cavalo, nome sugerido por Caco.<\/p>\n<p>Rede Record \u2013 A Fazenda<\/p>\n","protected":false},"excerpt":{"rendered":"<p>Rede Record \u2013 neste domingo (27\/12) a Rede Record teve que apresentar a sexta elimina\u00e7\u00e3o do programa A Fazenda ao vivo, com o som da chuva forte que caia em Itu. Britto Jr, o apresentador de A Fazenda brincou e falou que a chuva seria o fundo musical de uma noite tensa para os pe\u00f5es [&hellip;]<\/p>\n","protected":false},"author":3,"featured_media":0,"comment_status":"open","ping_status":"open","sticky":false,"template":"","format":"standard","meta":{"tdm_status":"","tdm_grid_status":"","footnotes":""},"categories":[22,371,343],"tags":[],"class_list":{"0":"post-20794","1":"post","2":"type-post","3":"status-publish","4":"format-standard","6":"category-brasil","7":"category-rede-record","8":"category-televisao"},"_links":{"self":[{"href":"https:\/\/migracao.redenoticia.com.br\/noticia\/wp-json\/wp\/v2\/posts\/20794","targetHints":{"allow":["GET"]}}],"collection":[{"href":"https:\/\/migracao.redenoticia.com.br\/noticia\/wp-json\/wp\/v2\/posts"}],"about":[{"href":"https:\/\/migracao.redenoticia.com.br\/noticia\/wp-json\/wp\/v2\/types\/post"}],"author":[{"embeddable":true,"href":"https:\/\/migracao.redenoticia.com.br\/noticia\/wp-json\/wp\/v2\/users\/3"}],"replies":[{"embeddable":true,"href":"https:\/\/migracao.redenoticia.com.br\/noticia\/wp-json\/wp\/v2\/comments?post=20794"}],"version-history":[{"count":0,"href":"https:\/\/migracao.redenoticia.com.br\/noticia\/wp-json\/wp\/v2\/posts\/20794\/revisions"}],"wp:attachment":[{"href":"https:\/\/migracao.redenoticia.com.br\/noticia\/wp-json\/wp\/v2\/media?parent=20794"}],"wp:term":[{"taxonomy":"category","embeddable":true,"href":"https:\/\/migracao.redenoticia.com.br\/noticia\/wp-json\/wp\/v2\/categories?post=20794"},{"taxonomy":"post_tag","embeddable":true,"href":"https:\/\/migracao.redenoticia.com.br\/noticia\/wp-json\/wp\/v2\/tags?post=20794"}],"curies":[{"name":"wp","href":"https:\/\/api.w.org\/{rel}","templated":true}]}}