{"id":207945,"date":"2021-06-29T13:39:25","date_gmt":"2021-06-29T16:39:25","guid":{"rendered":"https:\/\/www.redenoticia.com.br\/noticia\/?p=207945"},"modified":"2021-06-29T13:39:25","modified_gmt":"2021-06-29T16:39:25","slug":"resumo-tititi-30-06-edgar-sequestra-marcela","status":"publish","type":"post","link":"https:\/\/migracao.redenoticia.com.br\/noticia\/2021\/resumo-tititi-30-06-edgar-sequestra-marcela\/207945","title":{"rendered":"Resumo \u201cTiTiTi\u201d 30\/06: Edgar sequestra Marcela"},"content":{"rendered":"<p><img loading=\"lazy\" decoding=\"async\" src=\"https:\/\/migracao.redenoticia.com.br\/noticia\/imagens\/tititi-elenco-personagens.jpeg\" alt=\"\" width=\"1280\" height=\"720\" class=\"aligncenter size-full wp-image-204657\" srcset=\"https:\/\/migracao.redenoticia.com.br\/noticia\/imagens\/tititi-elenco-personagens.jpeg 1280w, https:\/\/migracao.redenoticia.com.br\/noticia\/imagens\/tititi-elenco-personagens-250x140.jpeg 250w, https:\/\/migracao.redenoticia.com.br\/noticia\/imagens\/tititi-elenco-personagens-400x225.jpeg 400w, https:\/\/migracao.redenoticia.com.br\/noticia\/imagens\/tititi-elenco-personagens-768x432.jpeg 768w, https:\/\/migracao.redenoticia.com.br\/noticia\/imagens\/tititi-elenco-personagens-150x85.jpeg 150w\" sizes=\"auto, (max-width: 1280px) 100vw, 1280px\" \/><\/p>\n<p><em><strong>Resumo da novela \u201cTiTiTi\u201d<\/strong><\/em> em 30\/06: no cap\u00edtulo 068(*) da novela, Edgar briga com Renato e Marcela fica nervosa. Clotilde garante a Jacques que vai desaparecer de sua vida. Amanda ajuda Gabriela ao v\u00ea-la desmaiada no banheiro. Edgar diz a Julinho que tem um plano para impedir que Marcela se case. Rony entrega mais tr\u00eas croquis horr\u00edveis para Ariclenes e se queixa por Valentim modificar seu vestido.<\/p>\n<p>Gino d\u00e1 um ber\u00e7o novo para St\u00e9fany e omite que foi comprado por Desir\u00e9e. Jorgito descobre e briga com a noiva. Edgar afirma para Lu\u00edsa que n\u00e3o haver\u00e1 casamento entre Marcela e Renato. Camila se afasta de Luti e ele estranha. Chico segue os conselhos de Lipe e finge paquerar Lourdes para provocar ci\u00fames em Nicole.<\/p>\n<p>Lu\u00edsa alerta Giancarlo que Edgar tentar\u00e1 impedir o casamento de Renato. Jacques avisa que vai readmitir Clotilde e Jaqueline se revolta. Rebeca fica irritada com Breno. Stela apela para Giancarlo desistir de levar adiante o casamento de Renato. Lu\u00edsa diz a Edgar que n\u00e3o vai permitir que ele atrapalhe o casamento de Marcela.<\/p>\n<p>Breno procura Dorinha para ajud\u00e1-lo a conquistar Rebeca<\/p>\n<p>Edgar mente para Lu\u00edsa e afirma que n\u00e3o pretende impedir o casamento de Marcela. Giancarlo sugere que Marcela compre um vestido de noiva. Jacques recebe Marcela em seu ateli\u00ea. Luti v\u00ea Amanda paquerando Fabinho. Mabi refaz os croquis de Rony. Nicole fica com ci\u00fames ao ver Chico fingindo que est\u00e1 namorando Lourdes.<\/p>\n<p>Jaqueline percebe a tristeza de Marcela e fica penalizada. Julinho e Edgar pedem a ajuda de Jaqueline. Breno procura Dorinha para ajud\u00e1-lo a conquistar Rebeca. Jaqueline distrai o seguran\u00e7a de Giancarlo e deixa o caminho livre para Edgar se aproximar de Marcela. Stela chega ao cart\u00f3rio com Suzana. Marcela fica pronta e, ao entrar no carro, v\u00ea Edgar ao volante.<\/p>\n<p>Jacques espalha na imprensa a not\u00edcia sobre o casamento do filho de Giancarlo. O seguran\u00e7a descobre que Marcela foi raptada e avisa a Giancarlo. Suzana comenta com Ariclenes que a noiva fugiu. Renato v\u00ea a imprensa em frente ao cart\u00f3rio e alerta o pai. Edgar leva Marcela a uma capela e avisa que eles v\u00e3o se casar.<\/p>\n<p>(*) edi\u00e7\u00e3o das novelas da Globo, \u201cTiTiTi\u201d, sujeito a altera\u00e7\u00e3o de data e conte\u00fado.<\/p>\n<p>Sinopse &#8220;TiTiTi&#8221;: Alexandre Borges e Murilo Ben\u00edcio interpretam os rivais da hist\u00f3ria, respectivamente Jacques Leclair e Victor Valentim, que passam a novela inteira se digladiando para ver quem sobressai no mundo na moda como estilista bem-sucedido, com o nome transformado em grife e as cole\u00e7\u00f5es desfiladas nas grandes semanas de moda e fotografadas para as revistas de celebridades.<\/p>\n","protected":false},"excerpt":{"rendered":"<p>Resumo da novela \u201cTiTiTi\u201d em 30\/06: no cap\u00edtulo 068(*) da novela, Edgar briga com Renato e Marcela fica nervosa. Clotilde garante a Jacques que vai desaparecer de sua vida. Amanda ajuda Gabriela ao v\u00ea-la desmaiada no banheiro. Edgar diz a Julinho que tem um plano para impedir que Marcela se case. Rony entrega mais tr\u00eas [&hellip;]<\/p>\n","protected":false},"author":4,"featured_media":204655,"comment_status":"closed","ping_status":"closed","sticky":false,"template":"","format":"standard","meta":{"tdm_status":"","tdm_grid_status":"","footnotes":""},"categories":[379,375,2025,343,2193],"tags":[441],"class_list":{"0":"post-207945","1":"post","2":"type-post","3":"status-publish","4":"format-standard","5":"has-post-thumbnail","7":"category-novelas","8":"category-rede-globo","9":"category-resumo","10":"category-televisao","11":"category-tititi","12":"tag-resumo-do-dia"},"_links":{"self":[{"href":"https:\/\/migracao.redenoticia.com.br\/noticia\/wp-json\/wp\/v2\/posts\/207945","targetHints":{"allow":["GET"]}}],"collection":[{"href":"https:\/\/migracao.redenoticia.com.br\/noticia\/wp-json\/wp\/v2\/posts"}],"about":[{"href":"https:\/\/migracao.redenoticia.com.br\/noticia\/wp-json\/wp\/v2\/types\/post"}],"author":[{"embeddable":true,"href":"https:\/\/migracao.redenoticia.com.br\/noticia\/wp-json\/wp\/v2\/users\/4"}],"replies":[{"embeddable":true,"href":"https:\/\/migracao.redenoticia.com.br\/noticia\/wp-json\/wp\/v2\/comments?post=207945"}],"version-history":[{"count":0,"href":"https:\/\/migracao.redenoticia.com.br\/noticia\/wp-json\/wp\/v2\/posts\/207945\/revisions"}],"wp:featuredmedia":[{"embeddable":true,"href":"https:\/\/migracao.redenoticia.com.br\/noticia\/wp-json\/wp\/v2\/media\/204655"}],"wp:attachment":[{"href":"https:\/\/migracao.redenoticia.com.br\/noticia\/wp-json\/wp\/v2\/media?parent=207945"}],"wp:term":[{"taxonomy":"category","embeddable":true,"href":"https:\/\/migracao.redenoticia.com.br\/noticia\/wp-json\/wp\/v2\/categories?post=207945"},{"taxonomy":"post_tag","embeddable":true,"href":"https:\/\/migracao.redenoticia.com.br\/noticia\/wp-json\/wp\/v2\/tags?post=207945"}],"curies":[{"name":"wp","href":"https:\/\/api.w.org\/{rel}","templated":true}]}}