{"id":207986,"date":"2021-06-30T13:13:03","date_gmt":"2021-06-30T16:13:03","guid":{"rendered":"https:\/\/www.redenoticia.com.br\/noticia\/?p=207986"},"modified":"2021-06-30T13:13:03","modified_gmt":"2021-06-30T16:13:03","slug":"resumo-chiquititas-01-07-geraldo-conhece-bia-e-fica-encantado","status":"publish","type":"post","link":"https:\/\/migracao.redenoticia.com.br\/noticia\/2021\/resumo-chiquititas-01-07-geraldo-conhece-bia-e-fica-encantado\/207986","title":{"rendered":"Resumo \u201cChiquititas\u201d 01\/07: Geraldo conhece Bia e fica encantado"},"content":{"rendered":"<p><img loading=\"lazy\" decoding=\"async\" class=\"aligncenter size-full wp-image-195897\" src=\"https:\/\/migracao.redenoticia.com.br\/noticia\/imagens\/chiquititas-resumo-sinopse.jpg\" alt=\"\" width=\"1280\" height=\"720\" srcset=\"https:\/\/migracao.redenoticia.com.br\/noticia\/imagens\/chiquititas-resumo-sinopse.jpg 1280w, https:\/\/migracao.redenoticia.com.br\/noticia\/imagens\/chiquititas-resumo-sinopse-250x140.jpg 250w, https:\/\/migracao.redenoticia.com.br\/noticia\/imagens\/chiquititas-resumo-sinopse-400x225.jpg 400w, https:\/\/migracao.redenoticia.com.br\/noticia\/imagens\/chiquititas-resumo-sinopse-768x432.jpg 768w, https:\/\/migracao.redenoticia.com.br\/noticia\/imagens\/chiquititas-resumo-sinopse-150x85.jpg 150w, https:\/\/migracao.redenoticia.com.br\/noticia\/imagens\/chiquititas-resumo-sinopse-696x392.jpg 696w, https:\/\/migracao.redenoticia.com.br\/noticia\/imagens\/chiquititas-resumo-sinopse-1068x601.jpg 1068w\" sizes=\"auto, (max-width: 1280px) 100vw, 1280px\" \/><\/p>\n<p><strong><em>Resumo da novela \u201cChiquititas\u201d<\/em><\/strong> em 01\/07: no cap\u00edtulo 277(*) da novela, os alunos se dividem em chapas na escola para a elei\u00e7\u00e3o de um Gr\u00eamio. Matilde vai at\u00e9 o apartamento de Cintia para saber como est\u00e3o as buscas pelo tesouro. Matilde anuncia: &#8220;Eu sai da cadeia por dois motivos: pegar minha parte do tesouro e exterminar a Carmen&#8221;. Carol pergunta se Bia quer morar com o Tio. A chiquitita diz que sim. Andreia amea\u00e7a Junior e comenta que se ele chamar um advogado ela fugir\u00e1 no mundo com Diego. Junior conta para Andreia que ele e Carol deram um tempo no namoro.<\/p>\n<p>Helena descobre que Neco possui pavor de cobras. A av\u00f3 de L\u00facia coloca uma cobra em frente \u00e0 sua casa para manter Neco longe. Edgard diz para Carol que cuidar\u00e1 bem de Bia. Carmen leva Geraldo para conhecer o orfanato Raio de Luz e o apresenta para as crian\u00e7as. Geraldo conhece Bia e fica encantado. O empres\u00e1rio pergunta quem era o rapaz que estava com ela. Bia revela que se trata de Edgard, seu tio. Geraldo pergunta a idade de Bia, que responde: 13 anos.<\/p>\n<p>Rafa faz exerc\u00edcios f\u00edsicos por estar empolgado com a perda de peso. Maria Cec\u00edlia conta para Tobias que est\u00e1 gr\u00e1vida. Cintia d\u00e1 dicas de desfile para Vivi. Geraldo conta para a esposa, Leandra, que possui certeza que Bia \u00e9 sua filha. Ele conta que n\u00e3o sabia que era pai, mas agora tem quase certeza. C\u00edcero manda Cintia se afastar de Vivi.<\/p>\n<p>(*) edi\u00e7\u00e3o das novelas do SBT, \u201cChiquititas\u201d, sujeito a altera\u00e7\u00e3o de data e conte\u00fado.<\/p>\n","protected":false},"excerpt":{"rendered":"<p>Resumo da novela \u201cChiquititas\u201d em 01\/07: no cap\u00edtulo 277(*) da novela, os alunos se dividem em chapas na escola para a elei\u00e7\u00e3o de um Gr\u00eamio. Matilde vai at\u00e9 o apartamento de Cintia para saber como est\u00e3o as buscas pelo tesouro. Matilde anuncia: &#8220;Eu sai da cadeia por dois motivos: pegar minha parte do tesouro e [&hellip;]<\/p>\n","protected":false},"author":4,"featured_media":195894,"comment_status":"closed","ping_status":"closed","sticky":false,"template":"","format":"standard","meta":{"tdm_status":"","tdm_grid_status":"","footnotes":""},"categories":[409,379,2025,372,343],"tags":[441],"class_list":{"0":"post-207986","1":"post","2":"type-post","3":"status-publish","4":"format-standard","5":"has-post-thumbnail","7":"category-chiquititas","8":"category-novelas","9":"category-resumo","10":"category-sbt","11":"category-televisao","12":"tag-resumo-do-dia"},"_links":{"self":[{"href":"https:\/\/migracao.redenoticia.com.br\/noticia\/wp-json\/wp\/v2\/posts\/207986","targetHints":{"allow":["GET"]}}],"collection":[{"href":"https:\/\/migracao.redenoticia.com.br\/noticia\/wp-json\/wp\/v2\/posts"}],"about":[{"href":"https:\/\/migracao.redenoticia.com.br\/noticia\/wp-json\/wp\/v2\/types\/post"}],"author":[{"embeddable":true,"href":"https:\/\/migracao.redenoticia.com.br\/noticia\/wp-json\/wp\/v2\/users\/4"}],"replies":[{"embeddable":true,"href":"https:\/\/migracao.redenoticia.com.br\/noticia\/wp-json\/wp\/v2\/comments?post=207986"}],"version-history":[{"count":0,"href":"https:\/\/migracao.redenoticia.com.br\/noticia\/wp-json\/wp\/v2\/posts\/207986\/revisions"}],"wp:featuredmedia":[{"embeddable":true,"href":"https:\/\/migracao.redenoticia.com.br\/noticia\/wp-json\/wp\/v2\/media\/195894"}],"wp:attachment":[{"href":"https:\/\/migracao.redenoticia.com.br\/noticia\/wp-json\/wp\/v2\/media?parent=207986"}],"wp:term":[{"taxonomy":"category","embeddable":true,"href":"https:\/\/migracao.redenoticia.com.br\/noticia\/wp-json\/wp\/v2\/categories?post=207986"},{"taxonomy":"post_tag","embeddable":true,"href":"https:\/\/migracao.redenoticia.com.br\/noticia\/wp-json\/wp\/v2\/tags?post=207986"}],"curies":[{"name":"wp","href":"https:\/\/api.w.org\/{rel}","templated":true}]}}