{"id":207989,"date":"2021-06-30T13:14:07","date_gmt":"2021-06-30T16:14:07","guid":{"rendered":"https:\/\/www.redenoticia.com.br\/noticia\/?p=207989"},"modified":"2021-06-30T13:14:07","modified_gmt":"2021-06-30T16:14:07","slug":"resumo-tititi-01-07-camila-filma-jacques-embriagado-ao-lado-de-mendigos","status":"publish","type":"post","link":"https:\/\/migracao.redenoticia.com.br\/noticia\/2021\/resumo-tititi-01-07-camila-filma-jacques-embriagado-ao-lado-de-mendigos\/207989","title":{"rendered":"Resumo \u201cTiTiTi\u201d 01\/07: Camila filma Jacques embriagado ao lado de mendigos"},"content":{"rendered":"<p><img loading=\"lazy\" decoding=\"async\" src=\"https:\/\/migracao.redenoticia.com.br\/noticia\/imagens\/tititi-elenco-personagens.jpeg\" alt=\"\" width=\"1280\" height=\"720\" class=\"aligncenter size-full wp-image-204657\" srcset=\"https:\/\/migracao.redenoticia.com.br\/noticia\/imagens\/tititi-elenco-personagens.jpeg 1280w, https:\/\/migracao.redenoticia.com.br\/noticia\/imagens\/tititi-elenco-personagens-250x140.jpeg 250w, https:\/\/migracao.redenoticia.com.br\/noticia\/imagens\/tititi-elenco-personagens-400x225.jpeg 400w, https:\/\/migracao.redenoticia.com.br\/noticia\/imagens\/tititi-elenco-personagens-768x432.jpeg 768w, https:\/\/migracao.redenoticia.com.br\/noticia\/imagens\/tititi-elenco-personagens-150x85.jpeg 150w\" sizes=\"auto, (max-width: 1280px) 100vw, 1280px\" \/><\/p>\n<p><em><strong>Resumo da novela \u201cTiTiTi\u201d<\/strong><\/em> em 01\/07: no cap\u00edtulo 069(*) da novela, Lu\u00edsa descobre que Edgar n\u00e3o est\u00e1 na ag\u00eancia. Jacques receia ficar com fama de p\u00e9-frio pela fuga de Marcela. Marcela e Edgar s\u00e3o aben\u00e7oados pelo Reverendo Jaime. Renato deixa o cart\u00f3rio humilhado. A imprensa divulga que o vestido da noiva foi feito por Jacques Leclair.<\/p>\n<p>Stela se solidariza com o filho enquanto Giancarlo se revolta. Lu\u00edsa fica com raiva ao descobrir que n\u00e3o houve casamento, deixando Alex perplexo. Jorgito aparece no ensaio fotogr\u00e1fico de Desir\u00e9e, mas se nega a fazer as pazes com a noiva. Dona Mocinha discute com St\u00e9fany e a tranca na sala onde guarda seu tesouro. Marcela avisa que voltar\u00e1 para se casar com Renato e Edgar n\u00e3o se conforma.<\/p>\n<p>Desir\u00e9e procura Armandinho para conversar sobre a rela\u00e7\u00e3o dos dois. Pedro trabalha como gar\u00e7om e se encanta por Camila, que vai ao bar com Tha\u00edsa. Jaqueline confessa para Jacques que ajudou Marcela a fugir. Edgar chega em casa abatido e recebe o apoio da m\u00e3e. Marcela procura Renato e afirma que ir\u00e1 cumprir sua parte no acordo.<\/p>\n<p>Dorinha ensina Breno a se comportar como um cavalheiro<\/p>\n<p>Renato fica furioso ao descobrir que Marcela conta que passou o dia com Edgar. Alex estranha a preocupa\u00e7\u00e3o de Lu\u00edsa com Edgar. Jaques acusa Jaqueline de prejudic\u00e1-lo. Suzana janta com Ariclenes e pede que ele se vista de Valentim. Desir\u00e9e diz a Armandinho que ama Jorgito e o aconselha a tentar ser feliz com St\u00e9fany. Jacques chega \u00e0 casa de Clotilde e encontra seus pertences encaixotados.<\/p>\n<p>Chico finge que vai sair com Lourdes e deixa Nicole enciumada. Marcela se instala na mans\u00e3o de Giancarlo com Paulinho. Camila marca um encontro com Pedro em uma boate, mas sai com Tha\u00edsa para outro lugar. Dorinha ensina Breno a se comportar como um cavalheiro. Dona Mocinha solta St\u00e9fany, que busca abrigo na casa do tio. Desir\u00e9e faz as pazes com Jorgito.<\/p>\n<p>Clotilde conta para Ricardinho que fingiu que estava de mudan\u00e7a para pressionar Jacques a largar Jaqueline. Camila v\u00ea Jacques embriagado na rua ao lado de mendigos e filma a cena. Ariclenes recebe o v\u00eddeo que Camila fez de Jacques, quando Valqu\u00edria chega. O juiz chega \u00e0 mans\u00e3o de Giancarlo para casar Renato e Marcela.<\/p>\n<p>(*) edi\u00e7\u00e3o das novelas da Globo, \u201cTiTiTi\u201d, sujeito a altera\u00e7\u00e3o de data e conte\u00fado.<\/p>\n<p>Sinopse &#8220;TiTiTi&#8221;: Alexandre Borges e Murilo Ben\u00edcio interpretam os rivais da hist\u00f3ria, respectivamente Jacques Leclair e Victor Valentim, que passam a novela inteira se digladiando para ver quem sobressai no mundo na moda como estilista bem-sucedido, com o nome transformado em grife e as cole\u00e7\u00f5es desfiladas nas grandes semanas de moda e fotografadas para as revistas de celebridades.<\/p>\n","protected":false},"excerpt":{"rendered":"<p>Resumo da novela \u201cTiTiTi\u201d em 01\/07: no cap\u00edtulo 069(*) da novela, Lu\u00edsa descobre que Edgar n\u00e3o est\u00e1 na ag\u00eancia. Jacques receia ficar com fama de p\u00e9-frio pela fuga de Marcela. Marcela e Edgar s\u00e3o aben\u00e7oados pelo Reverendo Jaime. Renato deixa o cart\u00f3rio humilhado. A imprensa divulga que o vestido da noiva foi feito por Jacques [&hellip;]<\/p>\n","protected":false},"author":4,"featured_media":204655,"comment_status":"closed","ping_status":"closed","sticky":false,"template":"","format":"standard","meta":{"tdm_status":"","tdm_grid_status":"","footnotes":""},"categories":[379,375,2025,343,2193],"tags":[441],"class_list":{"0":"post-207989","1":"post","2":"type-post","3":"status-publish","4":"format-standard","5":"has-post-thumbnail","7":"category-novelas","8":"category-rede-globo","9":"category-resumo","10":"category-televisao","11":"category-tititi","12":"tag-resumo-do-dia"},"_links":{"self":[{"href":"https:\/\/migracao.redenoticia.com.br\/noticia\/wp-json\/wp\/v2\/posts\/207989","targetHints":{"allow":["GET"]}}],"collection":[{"href":"https:\/\/migracao.redenoticia.com.br\/noticia\/wp-json\/wp\/v2\/posts"}],"about":[{"href":"https:\/\/migracao.redenoticia.com.br\/noticia\/wp-json\/wp\/v2\/types\/post"}],"author":[{"embeddable":true,"href":"https:\/\/migracao.redenoticia.com.br\/noticia\/wp-json\/wp\/v2\/users\/4"}],"replies":[{"embeddable":true,"href":"https:\/\/migracao.redenoticia.com.br\/noticia\/wp-json\/wp\/v2\/comments?post=207989"}],"version-history":[{"count":0,"href":"https:\/\/migracao.redenoticia.com.br\/noticia\/wp-json\/wp\/v2\/posts\/207989\/revisions"}],"wp:featuredmedia":[{"embeddable":true,"href":"https:\/\/migracao.redenoticia.com.br\/noticia\/wp-json\/wp\/v2\/media\/204655"}],"wp:attachment":[{"href":"https:\/\/migracao.redenoticia.com.br\/noticia\/wp-json\/wp\/v2\/media?parent=207989"}],"wp:term":[{"taxonomy":"category","embeddable":true,"href":"https:\/\/migracao.redenoticia.com.br\/noticia\/wp-json\/wp\/v2\/categories?post=207989"},{"taxonomy":"post_tag","embeddable":true,"href":"https:\/\/migracao.redenoticia.com.br\/noticia\/wp-json\/wp\/v2\/tags?post=207989"}],"curies":[{"name":"wp","href":"https:\/\/api.w.org\/{rel}","templated":true}]}}