{"id":208020,"date":"2021-07-01T13:55:28","date_gmt":"2021-07-01T16:55:28","guid":{"rendered":"https:\/\/www.redenoticia.com.br\/noticia\/?p=208020"},"modified":"2021-07-01T13:55:28","modified_gmt":"2021-07-01T16:55:28","slug":"resumo-chiquititas-02-07-miguel-foge-da-cadeia","status":"publish","type":"post","link":"https:\/\/migracao.redenoticia.com.br\/noticia\/2021\/resumo-chiquititas-02-07-miguel-foge-da-cadeia\/208020","title":{"rendered":"Resumo \u201cChiquititas\u201d 02\/07: Miguel foge da cadeia"},"content":{"rendered":"<p><img loading=\"lazy\" decoding=\"async\" class=\"aligncenter size-full wp-image-195897\" src=\"https:\/\/migracao.redenoticia.com.br\/noticia\/imagens\/chiquititas-resumo-sinopse.jpg\" alt=\"\" width=\"1280\" height=\"720\" srcset=\"https:\/\/migracao.redenoticia.com.br\/noticia\/imagens\/chiquititas-resumo-sinopse.jpg 1280w, https:\/\/migracao.redenoticia.com.br\/noticia\/imagens\/chiquititas-resumo-sinopse-250x140.jpg 250w, https:\/\/migracao.redenoticia.com.br\/noticia\/imagens\/chiquititas-resumo-sinopse-400x225.jpg 400w, https:\/\/migracao.redenoticia.com.br\/noticia\/imagens\/chiquititas-resumo-sinopse-768x432.jpg 768w, https:\/\/migracao.redenoticia.com.br\/noticia\/imagens\/chiquititas-resumo-sinopse-150x85.jpg 150w, https:\/\/migracao.redenoticia.com.br\/noticia\/imagens\/chiquititas-resumo-sinopse-696x392.jpg 696w, https:\/\/migracao.redenoticia.com.br\/noticia\/imagens\/chiquititas-resumo-sinopse-1068x601.jpg 1068w\" sizes=\"auto, (max-width: 1280px) 100vw, 1280px\" \/><\/p>\n<p><strong><em>Resumo da novela \u201cChiquititas\u201d<\/em><\/strong> em 02\/07: no cap\u00edtulo 279(*) da novela, Carol pede para C\u00edcero ter paci\u00eancia. Mili conta para Gabriela que ganhou sua rosa branca de um homem que morava nos t\u00faneis do orfanato e dizia se chamar Fantasma. Mili conta que ele usava m\u00e1scara e Gabi revela que esse homem s\u00f3 pode ser Miguel, sua grande paix\u00e3o e filho da Valentina. Miguel est\u00e1 na cadeia e descobre que a cerca el\u00e9trica ficar\u00e1 desligada por cinco minutos durante a noite. Miguel tentar\u00e1 fugir nessa oportunidade.<\/p>\n<p>Junior vai at\u00e9 a casa de Carol e fala que n\u00e3o quer se afastar dela. Junior diz que durante os momentos que estiver com Diego quer ela junto. Carol reata o namoro com Junior e os dois se beijam. Maria Cec\u00edlia conta para a m\u00e3e, Eduarda, que est\u00e1 gr\u00e1vida. Na cadeia, dois presos simulam uma briga para pegarem a chave da cela na roupa de um policial. Miguel e os dois bandidos fogem da cadeia ao anoitecer, mas ao pularem o muro s\u00e3o surpreendidos por policiais.<\/p>\n<p>(*) edi\u00e7\u00e3o das novelas do SBT, \u201cChiquititas\u201d, sujeito a altera\u00e7\u00e3o de data e conte\u00fado.<\/p>\n","protected":false},"excerpt":{"rendered":"<p>Resumo da novela \u201cChiquititas\u201d em 02\/07: no cap\u00edtulo 279(*) da novela, Carol pede para C\u00edcero ter paci\u00eancia. Mili conta para Gabriela que ganhou sua rosa branca de um homem que morava nos t\u00faneis do orfanato e dizia se chamar Fantasma. Mili conta que ele usava m\u00e1scara e Gabi revela que esse homem s\u00f3 pode ser [&hellip;]<\/p>\n","protected":false},"author":4,"featured_media":195894,"comment_status":"closed","ping_status":"closed","sticky":false,"template":"","format":"standard","meta":{"tdm_status":"","tdm_grid_status":"","footnotes":""},"categories":[409,379,2025,372,343],"tags":[441],"class_list":{"0":"post-208020","1":"post","2":"type-post","3":"status-publish","4":"format-standard","5":"has-post-thumbnail","7":"category-chiquititas","8":"category-novelas","9":"category-resumo","10":"category-sbt","11":"category-televisao","12":"tag-resumo-do-dia"},"_links":{"self":[{"href":"https:\/\/migracao.redenoticia.com.br\/noticia\/wp-json\/wp\/v2\/posts\/208020","targetHints":{"allow":["GET"]}}],"collection":[{"href":"https:\/\/migracao.redenoticia.com.br\/noticia\/wp-json\/wp\/v2\/posts"}],"about":[{"href":"https:\/\/migracao.redenoticia.com.br\/noticia\/wp-json\/wp\/v2\/types\/post"}],"author":[{"embeddable":true,"href":"https:\/\/migracao.redenoticia.com.br\/noticia\/wp-json\/wp\/v2\/users\/4"}],"replies":[{"embeddable":true,"href":"https:\/\/migracao.redenoticia.com.br\/noticia\/wp-json\/wp\/v2\/comments?post=208020"}],"version-history":[{"count":0,"href":"https:\/\/migracao.redenoticia.com.br\/noticia\/wp-json\/wp\/v2\/posts\/208020\/revisions"}],"wp:featuredmedia":[{"embeddable":true,"href":"https:\/\/migracao.redenoticia.com.br\/noticia\/wp-json\/wp\/v2\/media\/195894"}],"wp:attachment":[{"href":"https:\/\/migracao.redenoticia.com.br\/noticia\/wp-json\/wp\/v2\/media?parent=208020"}],"wp:term":[{"taxonomy":"category","embeddable":true,"href":"https:\/\/migracao.redenoticia.com.br\/noticia\/wp-json\/wp\/v2\/categories?post=208020"},{"taxonomy":"post_tag","embeddable":true,"href":"https:\/\/migracao.redenoticia.com.br\/noticia\/wp-json\/wp\/v2\/tags?post=208020"}],"curies":[{"name":"wp","href":"https:\/\/api.w.org\/{rel}","templated":true}]}}