{"id":208023,"date":"2021-07-01T13:58:28","date_gmt":"2021-07-01T16:58:28","guid":{"rendered":"https:\/\/www.redenoticia.com.br\/noticia\/?p=208023"},"modified":"2021-07-01T13:58:28","modified_gmt":"2021-07-01T16:58:28","slug":"resumo-tititi-02-07-jacques-rompe-com-jaqueline","status":"publish","type":"post","link":"https:\/\/migracao.redenoticia.com.br\/noticia\/2021\/resumo-tititi-02-07-jacques-rompe-com-jaqueline\/208023","title":{"rendered":"Resumo \u201cTiTiTi\u201d 02\/07: Jacques rompe com Jaqueline"},"content":{"rendered":"<p><img loading=\"lazy\" decoding=\"async\" src=\"https:\/\/migracao.redenoticia.com.br\/noticia\/imagens\/tititi-elenco-personagens.jpeg\" alt=\"\" width=\"1280\" height=\"720\" class=\"aligncenter size-full wp-image-204657\" srcset=\"https:\/\/migracao.redenoticia.com.br\/noticia\/imagens\/tititi-elenco-personagens.jpeg 1280w, https:\/\/migracao.redenoticia.com.br\/noticia\/imagens\/tititi-elenco-personagens-250x140.jpeg 250w, https:\/\/migracao.redenoticia.com.br\/noticia\/imagens\/tititi-elenco-personagens-400x225.jpeg 400w, https:\/\/migracao.redenoticia.com.br\/noticia\/imagens\/tititi-elenco-personagens-768x432.jpeg 768w, https:\/\/migracao.redenoticia.com.br\/noticia\/imagens\/tititi-elenco-personagens-150x85.jpeg 150w\" sizes=\"auto, (max-width: 1280px) 100vw, 1280px\" \/><\/p>\n<p><em><strong>Resumo da novela \u201cTiTiTi\u201d<\/strong><\/em> em 02\/07: no cap\u00edtulo 070(*) da novela, Dorinha ensina Breno a se comportar como um cavalheiro<\/p>\n<p>Renato fica furioso ao descobrir que Marcela conta que passou o dia com Edgar. Alex estranha a preocupa\u00e7\u00e3o de Lu\u00edsa com Edgar. Jaques acusa Jaqueline de prejudic\u00e1-lo. Suzana janta com Ariclenes e pede que ele se vista de Valentim. Desir\u00e9e diz a Armandinho que ama Jorgito e o aconselha a tentar ser feliz com St\u00e9fany. Jacques chega \u00e0 casa de Clotilde e encontra seus pertences encaixotados.<\/p>\n<p>Chico finge que vai sair com Lourdes e deixa Nicole enciumada. Marcela se instala na mans\u00e3o de Giancarlo com Paulinho. Camila marca um encontro com Pedro em uma boate, mas sai com Tha\u00edsa para outro lugar. Dorinha ensina Breno a se comportar como um cavalheiro. Dona Mocinha solta St\u00e9fany, que busca abrigo na casa do tio. Desir\u00e9e faz as pazes com Jorgito.<\/p>\n<p>Clotilde conta para Ricardinho que fingiu que estava de mudan\u00e7a para pressionar Jacques a largar Jaqueline. Camila v\u00ea Jacques embriagado na rua ao lado de mendigos e filma a cena. Ariclenes recebe o v\u00eddeo que Camila fez de Jacques, quando Valqu\u00edria chega. O juiz chega \u00e0 mans\u00e3o de Giancarlo para casar Renato e Marcela<\/p>\n<p>Jacques rompe com Jaqueline<\/p>\n<p>Valqu\u00edria se irrita ao perceber que Ariclenes est\u00e1 tentando prejudicar seu pai. Ariclenes publica o v\u00eddeo de Jacques com os mendigos na internet e Luti briga com Camila. Renato e Marcela assinam os pap\u00e9is do casamento. Pedro procura Camila e ela o despreza. Armandinho tenta se entender com St\u00e9fany.<\/p>\n<p>Mabi fica espantada ao ver o v\u00eddeo do pai. Ariclenes fica preocupado com a apatia de Cec\u00edlia. Jacques descobre que foi filmado com os mendigos e Valqu\u00edria culpa Ariclenes. Edgar se desespera ao saber que Marcela e Renato se casaram. Renato mostra para Marcela a alian\u00e7a de casamento que ele comprou em BH, mas ela rejeita.<\/p>\n<p>Jacques procura Ariclenes. Clotilde pensa em um plano para ajudar Jacques. Mabi e Felipe deixam a casa de Marta. Ariclenes \u00e9 criticado pelos amigos. Breno mente para Rebeca e afirma que n\u00e3o \u00e9 o pai de Tha\u00edsa. Jacques rompe com Jaqueline.<\/p>\n<p>(*) edi\u00e7\u00e3o das novelas da Globo, \u201cTiTiTi\u201d, sujeito a altera\u00e7\u00e3o de data e conte\u00fado.<\/p>\n<p>Sinopse &#8220;TiTiTi&#8221;: Alexandre Borges e Murilo Ben\u00edcio interpretam os rivais da hist\u00f3ria, respectivamente Jacques Leclair e Victor Valentim, que passam a novela inteira se digladiando para ver quem sobressai no mundo na moda como estilista bem-sucedido, com o nome transformado em grife e as cole\u00e7\u00f5es desfiladas nas grandes semanas de moda e fotografadas para as revistas de celebridades.<\/p>\n","protected":false},"excerpt":{"rendered":"<p>Resumo da novela \u201cTiTiTi\u201d em 02\/07: no cap\u00edtulo 070(*) da novela, Dorinha ensina Breno a se comportar como um cavalheiro Renato fica furioso ao descobrir que Marcela conta que passou o dia com Edgar. Alex estranha a preocupa\u00e7\u00e3o de Lu\u00edsa com Edgar. Jaques acusa Jaqueline de prejudic\u00e1-lo. Suzana janta com Ariclenes e pede que ele [&hellip;]<\/p>\n","protected":false},"author":4,"featured_media":204655,"comment_status":"closed","ping_status":"closed","sticky":false,"template":"","format":"standard","meta":{"tdm_status":"","tdm_grid_status":"","footnotes":""},"categories":[379,375,2025,343,2193],"tags":[441],"class_list":{"0":"post-208023","1":"post","2":"type-post","3":"status-publish","4":"format-standard","5":"has-post-thumbnail","7":"category-novelas","8":"category-rede-globo","9":"category-resumo","10":"category-televisao","11":"category-tititi","12":"tag-resumo-do-dia"},"_links":{"self":[{"href":"https:\/\/migracao.redenoticia.com.br\/noticia\/wp-json\/wp\/v2\/posts\/208023","targetHints":{"allow":["GET"]}}],"collection":[{"href":"https:\/\/migracao.redenoticia.com.br\/noticia\/wp-json\/wp\/v2\/posts"}],"about":[{"href":"https:\/\/migracao.redenoticia.com.br\/noticia\/wp-json\/wp\/v2\/types\/post"}],"author":[{"embeddable":true,"href":"https:\/\/migracao.redenoticia.com.br\/noticia\/wp-json\/wp\/v2\/users\/4"}],"replies":[{"embeddable":true,"href":"https:\/\/migracao.redenoticia.com.br\/noticia\/wp-json\/wp\/v2\/comments?post=208023"}],"version-history":[{"count":0,"href":"https:\/\/migracao.redenoticia.com.br\/noticia\/wp-json\/wp\/v2\/posts\/208023\/revisions"}],"wp:featuredmedia":[{"embeddable":true,"href":"https:\/\/migracao.redenoticia.com.br\/noticia\/wp-json\/wp\/v2\/media\/204655"}],"wp:attachment":[{"href":"https:\/\/migracao.redenoticia.com.br\/noticia\/wp-json\/wp\/v2\/media?parent=208023"}],"wp:term":[{"taxonomy":"category","embeddable":true,"href":"https:\/\/migracao.redenoticia.com.br\/noticia\/wp-json\/wp\/v2\/categories?post=208023"},{"taxonomy":"post_tag","embeddable":true,"href":"https:\/\/migracao.redenoticia.com.br\/noticia\/wp-json\/wp\/v2\/tags?post=208023"}],"curies":[{"name":"wp","href":"https:\/\/api.w.org\/{rel}","templated":true}]}}