{"id":208057,"date":"2021-07-02T13:52:05","date_gmt":"2021-07-02T16:52:05","guid":{"rendered":"https:\/\/www.redenoticia.com.br\/noticia\/?p=208057"},"modified":"2021-07-02T13:52:05","modified_gmt":"2021-07-02T16:52:05","slug":"resumo-chiquititas-03-07-pata-e-mosca-decidem-infernizar-a-vida-de-grazielle","status":"publish","type":"post","link":"https:\/\/migracao.redenoticia.com.br\/noticia\/2021\/resumo-chiquititas-03-07-pata-e-mosca-decidem-infernizar-a-vida-de-grazielle\/208057","title":{"rendered":"Resumo \u201cChiquititas\u201d 03\/07: Pata e Mosca decidem infernizar a vida de Grazielle"},"content":{"rendered":"<p><img loading=\"lazy\" decoding=\"async\" class=\"aligncenter size-full wp-image-195897\" src=\"https:\/\/migracao.redenoticia.com.br\/noticia\/imagens\/chiquititas-resumo-sinopse.jpg\" alt=\"\" width=\"1280\" height=\"720\" srcset=\"https:\/\/migracao.redenoticia.com.br\/noticia\/imagens\/chiquititas-resumo-sinopse.jpg 1280w, https:\/\/migracao.redenoticia.com.br\/noticia\/imagens\/chiquititas-resumo-sinopse-250x140.jpg 250w, https:\/\/migracao.redenoticia.com.br\/noticia\/imagens\/chiquititas-resumo-sinopse-400x225.jpg 400w, https:\/\/migracao.redenoticia.com.br\/noticia\/imagens\/chiquititas-resumo-sinopse-768x432.jpg 768w, https:\/\/migracao.redenoticia.com.br\/noticia\/imagens\/chiquititas-resumo-sinopse-150x85.jpg 150w, https:\/\/migracao.redenoticia.com.br\/noticia\/imagens\/chiquititas-resumo-sinopse-696x392.jpg 696w, https:\/\/migracao.redenoticia.com.br\/noticia\/imagens\/chiquititas-resumo-sinopse-1068x601.jpg 1068w\" sizes=\"auto, (max-width: 1280px) 100vw, 1280px\" \/><\/p>\n<p><strong><em>Resumo da novela \u201cChiquititas\u201d<\/em><\/strong> em 02\/07: no cap\u00edtulo 279(*) da novela, na casa da \u00e1rvore, Mosca, Marian, Rafa e Duda discutem uma estrat\u00e9gia para desenvolve a chapa para disputar o gr\u00eamio da escola. Os vizinhos encrenqueiros se re\u00fanem para montar outra chapa. Geraldo vai ao orfanato visitar Bia, que diz que ir\u00e1 morar com o tio, Edgard. Bia mostra uma foto de sua m\u00e3e. Geraldo se emociona ao reconhecer a mulher e diz que lembra a menina. Bia diz que seu tio contou que seu pai era um homem ruim. Carmen e Andreia estouram um champanhe para comemorar a separa\u00e7\u00e3o de Junior e Carol. Por\u00e9m, os dois, que fizeram as pazes, entram juntos na mans\u00e3o dos Almeida Campos e deixam Carmen e Andreia irritadas.<\/p>\n<p>O jurado musical Thomas Roth vai ao Caf\u00e9 Boutique. \u00c9rica decide se mostrar para ele. Carol conversa com Mili. Geraldo conta para a esposa, Leandra, que Bia disse que o pai era ruim. A esposa de Geraldo se culpa, pois n\u00e3o deixou a m\u00e3e de Bia contar para ele, na \u00e9poca, que estava gr\u00e1vida. \u00c9rica canta uma m\u00fasica para Thomas Roth, que diz que ela \u00e9 talentosa e corajosa. Thomas pede para ela ligar mais tarde para ele. Miguel volta para tr\u00e1s das grades ap\u00f3s a tentativa de fuga frustrada da cadeia. Matilde, que finge ser Ernestina, volta ao orfanato para pegar suas coisas ap\u00f3s sair da cadeia e \u00e9 recebida por Chico, que lhe trata friamente por saber que ela n\u00e3o \u00e9 a verdadeira Ernestina.<\/p>\n<p>Carol e Andreia discutem. Andreia chama Carol de ego\u00edsta e diz que ela deveria se afastar de Junior. Carol responde para Andreia: &#8220;Se voc\u00ea acha que vai conseguir me separar do Junior usando a sua doen\u00e7a e o seu filho, pode parar, n\u00e3o vai dar certo!&#8221;. Andreia finge uma grave doen\u00e7a para se aproximar de Junior. Matilde vai at\u00e9 o apartamento de Cintia e avisa que ficar\u00e1 l\u00e1, pois gra\u00e7as a Carmen, n\u00e3o tem mais para onde ir.<\/p>\n<p>Pipoca ajuda Mili a se locomover<\/p>\n<p>Mili volta ao orfanato para passar uma noite com as meninas. Bia termina de arrumar as malas para ir morar com o tio, Edgard, por um per\u00edodo de adapta\u00e7\u00e3o. Bia chora muito ao se despedir das amigas. Ana, sua melhor amiga, tamb\u00e9m fica abalada. Bia vai embora com Edgard. C\u00edcero diz para Shirley que tentar\u00e1 adiantar a papelada da guarda de Tati e Vivi para evitar que elas fiquem pr\u00f3ximas da maldosa Cintia.<\/p>\n<p>Carol v\u00ea a p\u00e1gina de Vivi na internet e percebe que a Chiquitita est\u00e1 se expondo demais com o exagero de fotos nas redes sociais. Carol conversa com Vivi e explica que n\u00e3o \u00e9 a quantidade de curtidas em suas fotos que far\u00e1 as pessoas gostarem dela. Carol instrui que o tempo com tantas selfies \u00e9 desperdi\u00e7ado, pois ela poderia estar aprendendo ou se divertindo com as amigas reais. Vivi repensa suas atitudes. A boneca Laura pede para Maria encontrar um novo brinquedo para ser amiga dela.<\/p>\n<p>A mascote Pipoca ajuda Mili a se locomover pelo orfanato. Juca vai at\u00e9 a casa de Edgard conversar com ele. O tio de Bia desconversa, pois a menina est\u00e1 l\u00e1. Juca muda de assunto. Pata e Mosca n\u00e3o aguentam mais morar com Grazielle e decidem infernizar a vida da mulher para que ela os mande de volta para o orfanato. Os dois comem os doces de Grazielle para irrit\u00e1-la.<\/p>\n<p>(*) edi\u00e7\u00e3o das novelas do SBT, \u201cChiquititas\u201d, sujeito a altera\u00e7\u00e3o de data e conte\u00fado.<\/p>\n","protected":false},"excerpt":{"rendered":"<p>Resumo da novela \u201cChiquititas\u201d em 02\/07: no cap\u00edtulo 279(*) da novela, na casa da \u00e1rvore, Mosca, Marian, Rafa e Duda discutem uma estrat\u00e9gia para desenvolve a chapa para disputar o gr\u00eamio da escola. Os vizinhos encrenqueiros se re\u00fanem para montar outra chapa. Geraldo vai ao orfanato visitar Bia, que diz que ir\u00e1 morar com o [&hellip;]<\/p>\n","protected":false},"author":4,"featured_media":195894,"comment_status":"closed","ping_status":"closed","sticky":false,"template":"","format":"standard","meta":{"tdm_status":"","tdm_grid_status":"","footnotes":""},"categories":[409,379,2025,372,343],"tags":[441],"class_list":{"0":"post-208057","1":"post","2":"type-post","3":"status-publish","4":"format-standard","5":"has-post-thumbnail","7":"category-chiquititas","8":"category-novelas","9":"category-resumo","10":"category-sbt","11":"category-televisao","12":"tag-resumo-do-dia"},"_links":{"self":[{"href":"https:\/\/migracao.redenoticia.com.br\/noticia\/wp-json\/wp\/v2\/posts\/208057","targetHints":{"allow":["GET"]}}],"collection":[{"href":"https:\/\/migracao.redenoticia.com.br\/noticia\/wp-json\/wp\/v2\/posts"}],"about":[{"href":"https:\/\/migracao.redenoticia.com.br\/noticia\/wp-json\/wp\/v2\/types\/post"}],"author":[{"embeddable":true,"href":"https:\/\/migracao.redenoticia.com.br\/noticia\/wp-json\/wp\/v2\/users\/4"}],"replies":[{"embeddable":true,"href":"https:\/\/migracao.redenoticia.com.br\/noticia\/wp-json\/wp\/v2\/comments?post=208057"}],"version-history":[{"count":0,"href":"https:\/\/migracao.redenoticia.com.br\/noticia\/wp-json\/wp\/v2\/posts\/208057\/revisions"}],"wp:featuredmedia":[{"embeddable":true,"href":"https:\/\/migracao.redenoticia.com.br\/noticia\/wp-json\/wp\/v2\/media\/195894"}],"wp:attachment":[{"href":"https:\/\/migracao.redenoticia.com.br\/noticia\/wp-json\/wp\/v2\/media?parent=208057"}],"wp:term":[{"taxonomy":"category","embeddable":true,"href":"https:\/\/migracao.redenoticia.com.br\/noticia\/wp-json\/wp\/v2\/categories?post=208057"},{"taxonomy":"post_tag","embeddable":true,"href":"https:\/\/migracao.redenoticia.com.br\/noticia\/wp-json\/wp\/v2\/tags?post=208057"}],"curies":[{"name":"wp","href":"https:\/\/api.w.org\/{rel}","templated":true}]}}