{"id":208061,"date":"2021-07-02T13:55:25","date_gmt":"2021-07-02T16:55:25","guid":{"rendered":"https:\/\/www.redenoticia.com.br\/noticia\/?p=208061"},"modified":"2021-07-02T13:55:25","modified_gmt":"2021-07-02T16:55:25","slug":"resumo-salve-se-quem-puder-03-07-kyra-descobre-que-rafael-nao-esta-sozinho","status":"publish","type":"post","link":"https:\/\/migracao.redenoticia.com.br\/noticia\/2021\/resumo-salve-se-quem-puder-03-07-kyra-descobre-que-rafael-nao-esta-sozinho\/208061","title":{"rendered":"Resumo \u201cSalve-se Quem Puder\u201d 03\/07: Kyra descobre que Rafael n\u00e3o est\u00e1 sozinho"},"content":{"rendered":"<p><img loading=\"lazy\" decoding=\"async\" src=\"https:\/\/migracao.redenoticia.com.br\/noticia\/imagens\/resumo-salve-se-quem-puder-resumo-novela-das-sete-novela-da-globo.jpg\" alt=\"\" width=\"1280\" height=\"720\" class=\"aligncenter size-full wp-image-195141\" srcset=\"https:\/\/migracao.redenoticia.com.br\/noticia\/imagens\/resumo-salve-se-quem-puder-resumo-novela-das-sete-novela-da-globo.jpg 1280w, https:\/\/migracao.redenoticia.com.br\/noticia\/imagens\/resumo-salve-se-quem-puder-resumo-novela-das-sete-novela-da-globo-250x140.jpg 250w, https:\/\/migracao.redenoticia.com.br\/noticia\/imagens\/resumo-salve-se-quem-puder-resumo-novela-das-sete-novela-da-globo-400x225.jpg 400w, https:\/\/migracao.redenoticia.com.br\/noticia\/imagens\/resumo-salve-se-quem-puder-resumo-novela-das-sete-novela-da-globo-768x432.jpg 768w, https:\/\/migracao.redenoticia.com.br\/noticia\/imagens\/resumo-salve-se-quem-puder-resumo-novela-das-sete-novela-da-globo-150x85.jpg 150w, https:\/\/migracao.redenoticia.com.br\/noticia\/imagens\/resumo-salve-se-quem-puder-resumo-novela-das-sete-novela-da-globo-696x392.jpg 696w, https:\/\/migracao.redenoticia.com.br\/noticia\/imagens\/resumo-salve-se-quem-puder-resumo-novela-das-sete-novela-da-globo-1068x601.jpg 1068w\" sizes=\"auto, (max-width: 1280px) 100vw, 1280px\" \/><\/p>\n<p><em><strong>Resumo novela \u201cSalve-se Quem Puder\u201d<\/strong><\/em> em 03\/07: no cap\u00edtulo 090(*) da novela, Hugo exige que Dominique acabe com a vida de Luna. Alejandro e T\u00e9o discutem por causa de Luna. M\u00e1rio acusa Helena de trai\u00e7\u00e3o, mas depois se beijam com paix\u00e3o. T\u00e9o d\u00e1 raz\u00e3o a \u00darsula e Helena ao concluir que foi enganado por Luna\/Fiona. Helena n\u00e3o entende como a imagem da Virgem de Guadalupe que ela deu para Fiona est\u00e1 na casa de M\u00e1rio. Ele conta que Luna morreu durante a passagem do furac\u00e3o por Canc\u00fan e expulsa Helena de sua casa.<\/p>\n<p>Renzo reconhece Zezinho do dia que acudiu a \u2018namorada\u2019 dele na rua. Marieta comenta com Alexia\/Josimara que viu Rafael e Julia se beijando. Renatinha e Catatau ficam mais pr\u00f3ximos. J\u00falia oferece seu apoio a Rafael. Alexia avisa a Zezinho que ter\u00e1 de se insinuar para conseguir a confiss\u00e3o de Renzo. Hugo planeja bancar o her\u00f3i para atrair Luna e reconquistar Helena. Alexia diz a Kyra que Rafael n\u00e3o est\u00e1 sozinho. Alan avisa a Kyra que precisa conversar com ela.<\/p>\n<p>(*) edi\u00e7\u00e3o das novelas da Globo, \u201cSalve-se Quem Puder\u201d, sujeito a altera\u00e7\u00e3o de data e conte\u00fado.<\/p>\n<p>Sinopse \u201cSalve-se Quem Puder\u201d: Tr\u00eas mulheres com novas identidades e uma \u00fanica certeza: suas vidas est\u00e3o entrela\u00e7adas para sempre. Salve-se Quem Puder conta a hist\u00f3ria de Alexia (Deborah Secco), Luna (Juliana Paiva) e Kyra (Vit\u00f3ria Strada), que ingressam no Programa de Prote\u00e7\u00e3o \u00e0 Testemunha e mudam de vida ap\u00f3s presenciarem um crime. Para sobreviver, elas mudam o nome, a apar\u00eancia, o estilo de vida e v\u00e3o morar na fict\u00edcia Judas do Norte, no interior de S\u00e3o Paulo, depois que s\u00e3o dadas como mortas.<\/p>\n<p>Alexia vira Josimara, Luna assume o nome de Fiona e Kyra \u00e9 Cleyde, novas pessoas com um padr\u00e3o de vida bem diferente. Elas ser\u00e3o acolhidas por uma fam\u00edlia protetora &#8211; que n\u00e3o sabe nada sobre o passado delas &#8211; e v\u00e3o precisar seguir regras r\u00edgidas para permanecerem no programa. A primeira delas \u00e9 a interrup\u00e7\u00e3o imediata de qualquer tipo de contato com conhecidos, por isso, celulares e redes sociais s\u00e3o proibidos, assim como frequentar os mesmos lugares e cultivar h\u00e1bitos do passado.<\/p>\n","protected":false},"excerpt":{"rendered":"<p>Resumo novela \u201cSalve-se Quem Puder\u201d em 03\/07: no cap\u00edtulo 090(*) da novela, Hugo exige que Dominique acabe com a vida de Luna. Alejandro e T\u00e9o discutem por causa de Luna. M\u00e1rio acusa Helena de trai\u00e7\u00e3o, mas depois se beijam com paix\u00e3o. T\u00e9o d\u00e1 raz\u00e3o a \u00darsula e Helena ao concluir que foi enganado por Luna\/Fiona. [&hellip;]<\/p>\n","protected":false},"author":4,"featured_media":195141,"comment_status":"closed","ping_status":"closed","sticky":false,"template":"","format":"standard","meta":{"tdm_status":"","tdm_grid_status":"","footnotes":""},"categories":[379,375,2025,553,343],"tags":[441],"class_list":{"0":"post-208061","1":"post","2":"type-post","3":"status-publish","4":"format-standard","5":"has-post-thumbnail","7":"category-novelas","8":"category-rede-globo","9":"category-resumo","10":"category-salve-se-quem-puder","11":"category-televisao","12":"tag-resumo-do-dia"},"_links":{"self":[{"href":"https:\/\/migracao.redenoticia.com.br\/noticia\/wp-json\/wp\/v2\/posts\/208061","targetHints":{"allow":["GET"]}}],"collection":[{"href":"https:\/\/migracao.redenoticia.com.br\/noticia\/wp-json\/wp\/v2\/posts"}],"about":[{"href":"https:\/\/migracao.redenoticia.com.br\/noticia\/wp-json\/wp\/v2\/types\/post"}],"author":[{"embeddable":true,"href":"https:\/\/migracao.redenoticia.com.br\/noticia\/wp-json\/wp\/v2\/users\/4"}],"replies":[{"embeddable":true,"href":"https:\/\/migracao.redenoticia.com.br\/noticia\/wp-json\/wp\/v2\/comments?post=208061"}],"version-history":[{"count":0,"href":"https:\/\/migracao.redenoticia.com.br\/noticia\/wp-json\/wp\/v2\/posts\/208061\/revisions"}],"wp:featuredmedia":[{"embeddable":true,"href":"https:\/\/migracao.redenoticia.com.br\/noticia\/wp-json\/wp\/v2\/media\/195141"}],"wp:attachment":[{"href":"https:\/\/migracao.redenoticia.com.br\/noticia\/wp-json\/wp\/v2\/media?parent=208061"}],"wp:term":[{"taxonomy":"category","embeddable":true,"href":"https:\/\/migracao.redenoticia.com.br\/noticia\/wp-json\/wp\/v2\/categories?post=208061"},{"taxonomy":"post_tag","embeddable":true,"href":"https:\/\/migracao.redenoticia.com.br\/noticia\/wp-json\/wp\/v2\/tags?post=208061"}],"curies":[{"name":"wp","href":"https:\/\/api.w.org\/{rel}","templated":true}]}}