{"id":208090,"date":"2021-07-03T20:24:44","date_gmt":"2021-07-03T23:24:44","guid":{"rendered":"https:\/\/www.redenoticia.com.br\/noticia\/?p=208090"},"modified":"2021-07-04T20:54:59","modified_gmt":"2021-07-04T23:54:59","slug":"resumo-imperio-02-07-jose-alfredo-teme-nao-retornar-ao-monte-roraima","status":"publish","type":"post","link":"https:\/\/migracao.redenoticia.com.br\/noticia\/2021\/resumo-imperio-02-07-jose-alfredo-teme-nao-retornar-ao-monte-roraima\/208090","title":{"rendered":"Resumo \u201cImp\u00e9rio\u201d 05\/07: Jos\u00e9 Alfredo teme n\u00e3o retornar ao Monte Roraima"},"content":{"rendered":"<p> <img loading=\"lazy\" decoding=\"async\" class=\"aligncenter size-full wp-image-205063\" src=\"https:\/\/migracao.redenoticia.com.br\/noticia\/imagens\/novela-imperio-resumo-elenco.jpeg\" alt=\"\" width=\"1280\" height=\"720\" srcset=\"https:\/\/migracao.redenoticia.com.br\/noticia\/imagens\/novela-imperio-resumo-elenco.jpeg 1280w, https:\/\/migracao.redenoticia.com.br\/noticia\/imagens\/novela-imperio-resumo-elenco-250x140.jpeg 250w, https:\/\/migracao.redenoticia.com.br\/noticia\/imagens\/novela-imperio-resumo-elenco-400x225.jpeg 400w, https:\/\/migracao.redenoticia.com.br\/noticia\/imagens\/novela-imperio-resumo-elenco-768x432.jpeg 768w, https:\/\/migracao.redenoticia.com.br\/noticia\/imagens\/novela-imperio-resumo-elenco-150x85.jpeg 150w\" sizes=\"auto, (max-width: 1280px) 100vw, 1280px\" \/><\/p>\n<p><em><strong>Resumo novela \u201cImp\u00e9rio\u201d<\/strong><\/em> em 05\/07: no cap\u00edtulo 073(*) da novela, Jos\u00e9 Alfredo se lembra da conversa que teve com Maria Marta. Leonardo \u00e9 expulso da festa infantil. Jos\u00e9 Alfredo mostra a carta de Maur\u00edlio para Josu\u00e9 e teme n\u00e3o retornar ao Monte Roraima. Cora se irrita quando Cristina afirma que n\u00e3o deixar\u00e1 de trabalhar no camel\u00f3dromo. Salvador pede ajuda a Leonardo. Jonas avisa a Orville que um colecionador de S\u00e3o Paulo vai \u00e0 galeria para olhar os quadros de Salvador. Maria Clara procura Vicente.<\/p>\n<p>Giancarlo v\u00ea Robert\u00e3o na praia e faz uma proposta de emprego a ele. Salvador chega \u00e0 galeria de leil\u00f5es no momento em que Orville trata da venda de seus quadros. Cl\u00e1udio avisa a Leonardo que n\u00e3o houve concilia\u00e7\u00e3o com T\u00e9o durante a audi\u00eancia. Orville diz a Carmem que levar\u00e1 Salvador para casa. Tuane janta na casa de Elivaldo. Robert\u00e3o pede para conversar com \u00c9rika sobre a proposta de emprego que recebeu. Jos\u00e9 Alfredo volta para casa e Maria Marta o provoca.<\/p>\n<p>(*) edi\u00e7\u00e3o das novelas da Globo, \u201cImp\u00e9rio\u201d, sujeito a altera\u00e7\u00e3o de data e conte\u00fado.<\/p>\n<p>Sinopse Novela &#8220;Imp\u00e9rio&#8221;: hist\u00f3ria do pernambucano Jos\u00e9 Alfredo de Medeiros (Chay Suede\/Alexandre Nero), o homem de preto. Dono de uma rede de joalherias, o Comendador tem tr\u00eas filhos com a aristocrata falida Maria Marta Mendon\u00e7a e Albuquerque (Adriana Birolli\/Lilia Cabral): Jos\u00e9 Pedro (Caio Blat), Maria Clara (Andreia Horta) e Jo\u00e3o Lucas (Daniel Rocha). Os tr\u00eas disputam a heran\u00e7a da empresa constru\u00edda pelo pai. <\/p>\n","protected":false},"excerpt":{"rendered":"<p>Resumo novela \u201cImp\u00e9rio\u201d em 05\/07: no cap\u00edtulo 073(*) da novela, Jos\u00e9 Alfredo se lembra da conversa que teve com Maria Marta. Leonardo \u00e9 expulso da festa infantil. Jos\u00e9 Alfredo mostra a carta de Maur\u00edlio para Josu\u00e9 e teme n\u00e3o retornar ao Monte Roraima. Cora se irrita quando Cristina afirma que n\u00e3o deixar\u00e1 de trabalhar no [&hellip;]<\/p>\n","protected":false},"author":2,"featured_media":205061,"comment_status":"closed","ping_status":"closed","sticky":false,"template":"","format":"standard","meta":{"tdm_status":"","tdm_grid_status":"","footnotes":""},"categories":[2196,379,375,2025,343],"tags":[441],"class_list":{"0":"post-208090","1":"post","2":"type-post","3":"status-publish","4":"format-standard","5":"has-post-thumbnail","7":"category-imperio","8":"category-novelas","9":"category-rede-globo","10":"category-resumo","11":"category-televisao","12":"tag-resumo-do-dia"},"_links":{"self":[{"href":"https:\/\/migracao.redenoticia.com.br\/noticia\/wp-json\/wp\/v2\/posts\/208090","targetHints":{"allow":["GET"]}}],"collection":[{"href":"https:\/\/migracao.redenoticia.com.br\/noticia\/wp-json\/wp\/v2\/posts"}],"about":[{"href":"https:\/\/migracao.redenoticia.com.br\/noticia\/wp-json\/wp\/v2\/types\/post"}],"author":[{"embeddable":true,"href":"https:\/\/migracao.redenoticia.com.br\/noticia\/wp-json\/wp\/v2\/users\/2"}],"replies":[{"embeddable":true,"href":"https:\/\/migracao.redenoticia.com.br\/noticia\/wp-json\/wp\/v2\/comments?post=208090"}],"version-history":[{"count":0,"href":"https:\/\/migracao.redenoticia.com.br\/noticia\/wp-json\/wp\/v2\/posts\/208090\/revisions"}],"wp:featuredmedia":[{"embeddable":true,"href":"https:\/\/migracao.redenoticia.com.br\/noticia\/wp-json\/wp\/v2\/media\/205061"}],"wp:attachment":[{"href":"https:\/\/migracao.redenoticia.com.br\/noticia\/wp-json\/wp\/v2\/media?parent=208090"}],"wp:term":[{"taxonomy":"category","embeddable":true,"href":"https:\/\/migracao.redenoticia.com.br\/noticia\/wp-json\/wp\/v2\/categories?post=208090"},{"taxonomy":"post_tag","embeddable":true,"href":"https:\/\/migracao.redenoticia.com.br\/noticia\/wp-json\/wp\/v2\/tags?post=208090"}],"curies":[{"name":"wp","href":"https:\/\/api.w.org\/{rel}","templated":true}]}}