{"id":208100,"date":"2021-07-03T20:21:42","date_gmt":"2021-07-03T23:21:42","guid":{"rendered":"https:\/\/www.redenoticia.com.br\/noticia\/?p=208100"},"modified":"2021-07-03T20:21:42","modified_gmt":"2021-07-03T23:21:42","slug":"resumo-tititi-05-07-jacques-pede-clotilde-em-casamento","status":"publish","type":"post","link":"https:\/\/migracao.redenoticia.com.br\/noticia\/2021\/resumo-tititi-05-07-jacques-pede-clotilde-em-casamento\/208100","title":{"rendered":"Resumo \u201cTiTiTi\u201d 05\/07: Jacques pede Clotilde em casamento"},"content":{"rendered":"<p> <img loading=\"lazy\" decoding=\"async\" src=\"https:\/\/migracao.redenoticia.com.br\/noticia\/imagens\/tititi-elenco-personagens.jpeg\" alt=\"\" width=\"1280\" height=\"720\" class=\"aligncenter size-full wp-image-204657\" srcset=\"https:\/\/migracao.redenoticia.com.br\/noticia\/imagens\/tititi-elenco-personagens.jpeg 1280w, https:\/\/migracao.redenoticia.com.br\/noticia\/imagens\/tititi-elenco-personagens-250x140.jpeg 250w, https:\/\/migracao.redenoticia.com.br\/noticia\/imagens\/tititi-elenco-personagens-400x225.jpeg 400w, https:\/\/migracao.redenoticia.com.br\/noticia\/imagens\/tititi-elenco-personagens-768x432.jpeg 768w, https:\/\/migracao.redenoticia.com.br\/noticia\/imagens\/tititi-elenco-personagens-150x85.jpeg 150w\" sizes=\"auto, (max-width: 1280px) 100vw, 1280px\" \/><\/p>\n<p><em><strong>Resumo da novela \u201cTiTiTi\u201d<\/strong><\/em> em 05\/07: no cap\u00edtulo 071(*) da novela, Jacques culpa Jaqueline por seus fracassos e a expulsa de casa. Tha\u00edsa ouve Breno dizer para Rebeca que Jaqueline se casou com ele gr\u00e1vida de outro homem. A fam\u00edlia de Jacques fica penalizada com a situa\u00e7\u00e3o de Jaqueline. Jaqueline pede abrigo a Stela. St\u00e9fany confessa que n\u00e3o est\u00e1 fazendo o exame pr\u00e9-natal.<\/p>\n<p>Valqu\u00edria discute com Ariclenes e Camila confessa que foi ela quem fez o v\u00eddeo. Valqu\u00edria briga com Luti. Camila se surpreende ao saber que o contratante da Lourdes \u00e9 quem financia Valentim. Luti e Camila fazem as pazes. Tha\u00edsa procura a m\u00e3e na casa de Jacques e descobre que ela foi expulsa.<\/p>\n<p>Giancarlo aconselha Renato a se aproximar de Julinho. Breno conta que mentiu sobre a paternidade de Tha\u00edsa para sensibilizar Rebeca e Dorinha desaprova sua atitude. Tha\u00edsa cobra de Jaqueline uma explica\u00e7\u00e3o sobre sua origem. Julinho liga para Bruna. Edgar tenta invadir a mans\u00e3o de Giancarlo.<\/p>\n<p>Jacques pede Clotilde em casamento<\/p>\n<p>Julinho avisa Bruna que Edgar foi para a casa de Giancarlo e ela e Gustavo v\u00e3o atr\u00e1s do filho. Giancarlo permite que Edgar entre para falar com Marcela. Jaqueline estranha as d\u00favidas de Tha\u00edsa sobre sua paternidade. Clotilde liga para todas as clientes de Jacques. Edgar volta para casa arrasado.<\/p>\n<p>Ariclenes comemora o lan\u00e7amento do batom Tititi. Mabi recebe a edi\u00e7\u00e3o comemorativa da Moda Brasil. Bruna v\u00ea o ensaio de Edgar e Marcela na revista. Desir\u00e9e recebe uma proposta para trabalhar no exterior. Help passa o batom de Valentim e Adriano a beija.<\/p>\n<p>Gustavo procura Julinho e lhe oferece apoio. As clientes de Jacques reaparecem no ateli\u00ea. Jacques descobre que Clotilde foi respons\u00e1vel por trazer suas clientes de volta e procura a ex-secret\u00e1ria. Breno se assusta com a maneira que Tha\u00edsa se veste. Jacques pede Clotilde em casamento.<\/p>\n<p>(*) edi\u00e7\u00e3o das novelas da Globo, \u201cTiTiTi\u201d, sujeito a altera\u00e7\u00e3o de data e conte\u00fado.<\/p>\n<p>Sinopse &#8220;TiTiTi&#8221;: Alexandre Borges e Murilo Ben\u00edcio interpretam os rivais da hist\u00f3ria, respectivamente Jacques Leclair e Victor Valentim, que passam a novela inteira se digladiando para ver quem sobressai no mundo na moda como estilista bem-sucedido, com o nome transformado em grife e as cole\u00e7\u00f5es desfiladas nas grandes semanas de moda e fotografadas para as revistas de celebridades.<\/p>\n","protected":false},"excerpt":{"rendered":"<p>Resumo da novela \u201cTiTiTi\u201d em 05\/07: no cap\u00edtulo 071(*) da novela, Jacques culpa Jaqueline por seus fracassos e a expulsa de casa. Tha\u00edsa ouve Breno dizer para Rebeca que Jaqueline se casou com ele gr\u00e1vida de outro homem. A fam\u00edlia de Jacques fica penalizada com a situa\u00e7\u00e3o de Jaqueline. Jaqueline pede abrigo a Stela. St\u00e9fany [&hellip;]<\/p>\n","protected":false},"author":2,"featured_media":204655,"comment_status":"closed","ping_status":"closed","sticky":false,"template":"","format":"standard","meta":{"tdm_status":"","tdm_grid_status":"","footnotes":""},"categories":[379,375,2025,343,2193],"tags":[441],"class_list":{"0":"post-208100","1":"post","2":"type-post","3":"status-publish","4":"format-standard","5":"has-post-thumbnail","7":"category-novelas","8":"category-rede-globo","9":"category-resumo","10":"category-televisao","11":"category-tititi","12":"tag-resumo-do-dia"},"_links":{"self":[{"href":"https:\/\/migracao.redenoticia.com.br\/noticia\/wp-json\/wp\/v2\/posts\/208100","targetHints":{"allow":["GET"]}}],"collection":[{"href":"https:\/\/migracao.redenoticia.com.br\/noticia\/wp-json\/wp\/v2\/posts"}],"about":[{"href":"https:\/\/migracao.redenoticia.com.br\/noticia\/wp-json\/wp\/v2\/types\/post"}],"author":[{"embeddable":true,"href":"https:\/\/migracao.redenoticia.com.br\/noticia\/wp-json\/wp\/v2\/users\/2"}],"replies":[{"embeddable":true,"href":"https:\/\/migracao.redenoticia.com.br\/noticia\/wp-json\/wp\/v2\/comments?post=208100"}],"version-history":[{"count":0,"href":"https:\/\/migracao.redenoticia.com.br\/noticia\/wp-json\/wp\/v2\/posts\/208100\/revisions"}],"wp:featuredmedia":[{"embeddable":true,"href":"https:\/\/migracao.redenoticia.com.br\/noticia\/wp-json\/wp\/v2\/media\/204655"}],"wp:attachment":[{"href":"https:\/\/migracao.redenoticia.com.br\/noticia\/wp-json\/wp\/v2\/media?parent=208100"}],"wp:term":[{"taxonomy":"category","embeddable":true,"href":"https:\/\/migracao.redenoticia.com.br\/noticia\/wp-json\/wp\/v2\/categories?post=208100"},{"taxonomy":"post_tag","embeddable":true,"href":"https:\/\/migracao.redenoticia.com.br\/noticia\/wp-json\/wp\/v2\/tags?post=208100"}],"curies":[{"name":"wp","href":"https:\/\/api.w.org\/{rel}","templated":true}]}}