{"id":208134,"date":"2021-07-05T14:19:06","date_gmt":"2021-07-05T17:19:06","guid":{"rendered":"https:\/\/www.redenoticia.com.br\/noticia\/?p=208134"},"modified":"2021-07-05T14:19:06","modified_gmt":"2021-07-05T17:19:06","slug":"resumo-imperio-06-07-jose-alfredo-procura-diamante-rosa","status":"publish","type":"post","link":"https:\/\/migracao.redenoticia.com.br\/noticia\/2021\/resumo-imperio-06-07-jose-alfredo-procura-diamante-rosa\/208134","title":{"rendered":"Resumo \u201cImp\u00e9rio\u201d 06\/07: Jos\u00e9 Alfredo procura diamante rosa"},"content":{"rendered":"<p> <img loading=\"lazy\" decoding=\"async\" class=\"aligncenter size-full wp-image-205063\" src=\"https:\/\/migracao.redenoticia.com.br\/noticia\/imagens\/novela-imperio-resumo-elenco.jpeg\" alt=\"\" width=\"1280\" height=\"720\" srcset=\"https:\/\/migracao.redenoticia.com.br\/noticia\/imagens\/novela-imperio-resumo-elenco.jpeg 1280w, https:\/\/migracao.redenoticia.com.br\/noticia\/imagens\/novela-imperio-resumo-elenco-250x140.jpeg 250w, https:\/\/migracao.redenoticia.com.br\/noticia\/imagens\/novela-imperio-resumo-elenco-400x225.jpeg 400w, https:\/\/migracao.redenoticia.com.br\/noticia\/imagens\/novela-imperio-resumo-elenco-768x432.jpeg 768w, https:\/\/migracao.redenoticia.com.br\/noticia\/imagens\/novela-imperio-resumo-elenco-150x85.jpeg 150w\" sizes=\"auto, (max-width: 1280px) 100vw, 1280px\" \/><\/p>\n<p><em><strong>Resumo novela \u201cImp\u00e9rio\u201d<\/strong><\/em> em 06\/07: no cap\u00edtulo 074 (*) da novela, Jos\u00e9 Alfredo obriga Maria Marta a conversar com ele. Cristina discute com Vicente. Orville leva comida para Salvador. Victor pede que Tuane v\u00e1 outras vezes jantar em sua casa. Cristina n\u00e3o atende ao telefonema de Fernando. \u00c9rika incentiva Robert\u00e3o a aceitar a proposta de Giancarlo. Maria \u00cdsis se lembra de seu simb\u00f3lico casamento no Monte Roraima. Jos\u00e9 Alfredo vasculha o quarto de Maria Marta \u00e0 procura de seu diamante rosa.<\/p>\n<p>Du escuta a conversa entre Maria Marta e Jos\u00e9 Alfredo e conta para Jo\u00e3o Lucas. Robert\u00e3o conversa com \u00c9rika. Maria Clara revela para Jos\u00e9 Alfredo que Maria Marta fez um pacto com ela e seus irm\u00e3os. Maur\u00edlio liga para Maria Marta. Tuane discute com Cora. Leonardo sofre. Beatriz questiona Cl\u00e1udio sobre o futuro de seu casamento. Orville tenta acalmar Salvador. Maria Marta aceita ajudar Jos\u00e9 Alfredo com a condi\u00e7\u00e3o de ele terminar seu romance com Maria \u00cdsis.<\/p>\n<p>(*) edi\u00e7\u00e3o das novelas da Globo, \u201cImp\u00e9rio\u201d, sujeito a altera\u00e7\u00e3o de data e conte\u00fado.<\/p>\n<p>Sinopse Novela &#8220;Imp\u00e9rio&#8221;: hist\u00f3ria do pernambucano Jos\u00e9 Alfredo de Medeiros (Chay Suede\/Alexandre Nero), o homem de preto. Dono de uma rede de joalherias, o Comendador tem tr\u00eas filhos com a aristocrata falida Maria Marta Mendon\u00e7a e Albuquerque (Adriana Birolli\/Lilia Cabral): Jos\u00e9 Pedro (Caio Blat), Maria Clara (Andreia Horta) e Jo\u00e3o Lucas (Daniel Rocha). Os tr\u00eas disputam a heran\u00e7a da empresa constru\u00edda pelo pai. <\/p>\n","protected":false},"excerpt":{"rendered":"<p>Resumo novela \u201cImp\u00e9rio\u201d em 06\/07: no cap\u00edtulo 074 (*) da novela, Jos\u00e9 Alfredo obriga Maria Marta a conversar com ele. Cristina discute com Vicente. Orville leva comida para Salvador. Victor pede que Tuane v\u00e1 outras vezes jantar em sua casa. Cristina n\u00e3o atende ao telefonema de Fernando. \u00c9rika incentiva Robert\u00e3o a aceitar a proposta de [&hellip;]<\/p>\n","protected":false},"author":2,"featured_media":205061,"comment_status":"closed","ping_status":"closed","sticky":false,"template":"","format":"standard","meta":{"tdm_status":"","tdm_grid_status":"","footnotes":""},"categories":[2196,379,375,2025,343],"tags":[441],"class_list":{"0":"post-208134","1":"post","2":"type-post","3":"status-publish","4":"format-standard","5":"has-post-thumbnail","7":"category-imperio","8":"category-novelas","9":"category-rede-globo","10":"category-resumo","11":"category-televisao","12":"tag-resumo-do-dia"},"_links":{"self":[{"href":"https:\/\/migracao.redenoticia.com.br\/noticia\/wp-json\/wp\/v2\/posts\/208134","targetHints":{"allow":["GET"]}}],"collection":[{"href":"https:\/\/migracao.redenoticia.com.br\/noticia\/wp-json\/wp\/v2\/posts"}],"about":[{"href":"https:\/\/migracao.redenoticia.com.br\/noticia\/wp-json\/wp\/v2\/types\/post"}],"author":[{"embeddable":true,"href":"https:\/\/migracao.redenoticia.com.br\/noticia\/wp-json\/wp\/v2\/users\/2"}],"replies":[{"embeddable":true,"href":"https:\/\/migracao.redenoticia.com.br\/noticia\/wp-json\/wp\/v2\/comments?post=208134"}],"version-history":[{"count":0,"href":"https:\/\/migracao.redenoticia.com.br\/noticia\/wp-json\/wp\/v2\/posts\/208134\/revisions"}],"wp:featuredmedia":[{"embeddable":true,"href":"https:\/\/migracao.redenoticia.com.br\/noticia\/wp-json\/wp\/v2\/media\/205061"}],"wp:attachment":[{"href":"https:\/\/migracao.redenoticia.com.br\/noticia\/wp-json\/wp\/v2\/media?parent=208134"}],"wp:term":[{"taxonomy":"category","embeddable":true,"href":"https:\/\/migracao.redenoticia.com.br\/noticia\/wp-json\/wp\/v2\/categories?post=208134"},{"taxonomy":"post_tag","embeddable":true,"href":"https:\/\/migracao.redenoticia.com.br\/noticia\/wp-json\/wp\/v2\/tags?post=208134"}],"curies":[{"name":"wp","href":"https:\/\/api.w.org\/{rel}","templated":true}]}}