{"id":208136,"date":"2021-07-05T14:14:09","date_gmt":"2021-07-05T17:14:09","guid":{"rendered":"https:\/\/www.redenoticia.com.br\/noticia\/?p=208136"},"modified":"2021-07-05T14:14:09","modified_gmt":"2021-07-05T17:14:09","slug":"resumo-chiquititas-06-07-carmen-descobre-tudo-sobre-o-passado-de-marian","status":"publish","type":"post","link":"https:\/\/migracao.redenoticia.com.br\/noticia\/2021\/resumo-chiquititas-06-07-carmen-descobre-tudo-sobre-o-passado-de-marian\/208136","title":{"rendered":"Resumo \u201cChiquititas\u201d 06\/07: Carmen descobre tudo sobre o passado de Marian"},"content":{"rendered":"<p> <img loading=\"lazy\" decoding=\"async\" class=\"aligncenter size-full wp-image-195897\" src=\"https:\/\/migracao.redenoticia.com.br\/noticia\/imagens\/chiquititas-resumo-sinopse.jpg\" alt=\"\" width=\"1280\" height=\"720\" srcset=\"https:\/\/migracao.redenoticia.com.br\/noticia\/imagens\/chiquititas-resumo-sinopse.jpg 1280w, https:\/\/migracao.redenoticia.com.br\/noticia\/imagens\/chiquititas-resumo-sinopse-250x140.jpg 250w, https:\/\/migracao.redenoticia.com.br\/noticia\/imagens\/chiquititas-resumo-sinopse-400x225.jpg 400w, https:\/\/migracao.redenoticia.com.br\/noticia\/imagens\/chiquititas-resumo-sinopse-768x432.jpg 768w, https:\/\/migracao.redenoticia.com.br\/noticia\/imagens\/chiquititas-resumo-sinopse-150x85.jpg 150w, https:\/\/migracao.redenoticia.com.br\/noticia\/imagens\/chiquititas-resumo-sinopse-696x392.jpg 696w, https:\/\/migracao.redenoticia.com.br\/noticia\/imagens\/chiquititas-resumo-sinopse-1068x601.jpg 1068w\" sizes=\"auto, (max-width: 1280px) 100vw, 1280px\" \/><\/p>\n<p><strong><em>Resumo da novela \u201cChiquititas\u201d<\/em><\/strong> em 06\/07: no cap\u00edtulo 281(*) da novela, Carol vai at\u00e9 a casa de Junior e Andreia conta para ela que est\u00e1 morando na mans\u00e3o. Junior aparece e pede para conversarem no Caf\u00e9 Boutique. Carol fica chateada e Andreia \u00e9 ir\u00f4nica com ela. No Caf\u00e9, Carol diz para Junior que parece que Andreia est\u00e1 fazendo tudo de prop\u00f3sito e que ele est\u00e1 caindo igual um pato. Junior diz que isso n\u00e3o acontecer\u00e1. Carmen vai at\u00e9 a casa da segunda fam\u00edlia que adotou Marian para saber como era a conviv\u00eancia com a menina. C\u00edcero conta para Tati que acha que j\u00e1 est\u00e1 preparado para cuidar dela e de Vivi.<\/p>\n<p>Tati fica muito feliz e diz que n\u00e3o saber como \u00e9 ter uma fam\u00edlia. Tati revela ainda que n\u00e3o sabe se Vivi vai gostar da ideia. Mosca conversa com Carol e conta tudo o que ele e Pata passam nas m\u00e3os de Grazielle. O homem que adotou Marian, diz que ela roubava, fazia picuinha com todos os funcion\u00e1rios e manipulava informa\u00e7\u00f5es. No orfanato, Marian d\u00e1 ordens nas crian\u00e7as menores e diz que agora que \u00e9 uma Almeida Campos possui direito a dar ordens. Marian reclama da comida feita por Chico e fala que a refei\u00e7\u00e3o est\u00e1 salgada.<\/p>\n<p>Tati e C\u00edcero conversam com Vivi, que n\u00e3o gosta da hip\u00f3tese de voltar a morar com o pai. Juca ensina Bia a andar de skate. Carmen conta para Marian que descobriu tudo sobre seu passado e que a menina \u00e9 muito perigosa. Marian diz que do jeito que Carmen fala parece que ela \u00e9 um monstro. Carmen diz que \u00e9 exatamente isso que a menina \u00e9. Marian implora que Carmen n\u00e3o conte nada disso para ningu\u00e9m e jura que n\u00e3o contar\u00e1 nada sobre Mili. \u00c9rica vai fazer um teste de canto com Thomas Roth. Helena se preocupa que Lucia, que est\u00e1 ardendo de febre. A garota repete o nome de Neco.<\/p>\n<p>Geraldo segue Bia e Edgard<\/p>\n<p>Marian diz para Gabriela que se ela adotar Mili nunca ir\u00e1 lhe amar como filha. Gabriela consola Marian. Helena encurrala Neco e pede para ele confessar que entrou em sua casa. Neco nega. Eduarda e Shirley visitam Maria Cec\u00edlia, que est\u00e1 gr\u00e1vida. Thomaz Roth diz que \u00c9rica foi muito bem no teste de canto e ser\u00e1 uma das protagonistas do grupo do musical. Francis finge que foi em um encontro com outra mulher para fazer ci\u00fame em Clarita, que fica chateada. Junior diz para Andreia que devem matricular Diego numa escola. Bia conta para Cris, Vivi e Ana que deu seu primeiro beijo em Juca. Armando \u00e9 levado para mesma cela de Miguel na cadeia. Os dois brigam.<\/p>\n<p>Os vizinhos encrenqueiros apresentam na escola as mesmas propostas da chapa das chiquititas para a elei\u00e7\u00e3o do gr\u00eamio. As chiquititas desconfiam. Os vizinhos dizem entre eles que ningu\u00e9m vai descobrir que eles espionaram as chiquitias. Geraldo segue Bia e Edgard para saber onde ela est\u00e1 morando. Neco diz para Rafa que acha que Lucia est\u00e1 doente, pois viu Helena com v\u00e1rios rem\u00e9dios. Rafa diz que tentar\u00e1 descobrir como a menina est\u00e1. Marian pede dinheiro para Gabriela e diz que a verba \u00e9 para ser usada na chapa da escola. Rafa espiona Lucia pela janela e derruba um vaso quando Helena entra no quarto da garota. Helena vai at\u00e9 a janela. Rafa deita no ch\u00e3o para n\u00e3o ser visto. <\/p>\n<p>(*) edi\u00e7\u00e3o das novelas do SBT, \u201cChiquititas\u201d, sujeito a altera\u00e7\u00e3o de data e conte\u00fado.<\/p>\n","protected":false},"excerpt":{"rendered":"<p>Resumo da novela \u201cChiquititas\u201d em 06\/07: no cap\u00edtulo 281(*) da novela, Carol vai at\u00e9 a casa de Junior e Andreia conta para ela que est\u00e1 morando na mans\u00e3o. Junior aparece e pede para conversarem no Caf\u00e9 Boutique. Carol fica chateada e Andreia \u00e9 ir\u00f4nica com ela. No Caf\u00e9, Carol diz para Junior que parece que [&hellip;]<\/p>\n","protected":false},"author":2,"featured_media":195894,"comment_status":"closed","ping_status":"closed","sticky":false,"template":"","format":"standard","meta":{"tdm_status":"","tdm_grid_status":"","footnotes":""},"categories":[409,379,2025,372,343],"tags":[441],"class_list":{"0":"post-208136","1":"post","2":"type-post","3":"status-publish","4":"format-standard","5":"has-post-thumbnail","7":"category-chiquititas","8":"category-novelas","9":"category-resumo","10":"category-sbt","11":"category-televisao","12":"tag-resumo-do-dia"},"_links":{"self":[{"href":"https:\/\/migracao.redenoticia.com.br\/noticia\/wp-json\/wp\/v2\/posts\/208136","targetHints":{"allow":["GET"]}}],"collection":[{"href":"https:\/\/migracao.redenoticia.com.br\/noticia\/wp-json\/wp\/v2\/posts"}],"about":[{"href":"https:\/\/migracao.redenoticia.com.br\/noticia\/wp-json\/wp\/v2\/types\/post"}],"author":[{"embeddable":true,"href":"https:\/\/migracao.redenoticia.com.br\/noticia\/wp-json\/wp\/v2\/users\/2"}],"replies":[{"embeddable":true,"href":"https:\/\/migracao.redenoticia.com.br\/noticia\/wp-json\/wp\/v2\/comments?post=208136"}],"version-history":[{"count":0,"href":"https:\/\/migracao.redenoticia.com.br\/noticia\/wp-json\/wp\/v2\/posts\/208136\/revisions"}],"wp:featuredmedia":[{"embeddable":true,"href":"https:\/\/migracao.redenoticia.com.br\/noticia\/wp-json\/wp\/v2\/media\/195894"}],"wp:attachment":[{"href":"https:\/\/migracao.redenoticia.com.br\/noticia\/wp-json\/wp\/v2\/media?parent=208136"}],"wp:term":[{"taxonomy":"category","embeddable":true,"href":"https:\/\/migracao.redenoticia.com.br\/noticia\/wp-json\/wp\/v2\/categories?post=208136"},{"taxonomy":"post_tag","embeddable":true,"href":"https:\/\/migracao.redenoticia.com.br\/noticia\/wp-json\/wp\/v2\/tags?post=208136"}],"curies":[{"name":"wp","href":"https:\/\/api.w.org\/{rel}","templated":true}]}}