{"id":208137,"date":"2021-07-05T14:15:11","date_gmt":"2021-07-05T17:15:11","guid":{"rendered":"https:\/\/www.redenoticia.com.br\/noticia\/?p=208137"},"modified":"2021-07-05T14:15:11","modified_gmt":"2021-07-05T17:15:11","slug":"resumo-tititi-06-07-renato-ve-o-ensaio-de-marcela-e-edgar-na-moda-brasil","status":"publish","type":"post","link":"https:\/\/migracao.redenoticia.com.br\/noticia\/2021\/resumo-tititi-06-07-renato-ve-o-ensaio-de-marcela-e-edgar-na-moda-brasil\/208137","title":{"rendered":"Resumo \u201cTiTiTi\u201d 06\/07: Renato v\u00ea o ensaio de Marcela e Edgar na Moda Brasil"},"content":{"rendered":"<p> <img loading=\"lazy\" decoding=\"async\" src=\"https:\/\/migracao.redenoticia.com.br\/noticia\/imagens\/tititi-elenco-personagens.jpeg\" alt=\"\" width=\"1280\" height=\"720\" class=\"aligncenter size-full wp-image-204657\" srcset=\"https:\/\/migracao.redenoticia.com.br\/noticia\/imagens\/tititi-elenco-personagens.jpeg 1280w, https:\/\/migracao.redenoticia.com.br\/noticia\/imagens\/tititi-elenco-personagens-250x140.jpeg 250w, https:\/\/migracao.redenoticia.com.br\/noticia\/imagens\/tititi-elenco-personagens-400x225.jpeg 400w, https:\/\/migracao.redenoticia.com.br\/noticia\/imagens\/tititi-elenco-personagens-768x432.jpeg 768w, https:\/\/migracao.redenoticia.com.br\/noticia\/imagens\/tititi-elenco-personagens-150x85.jpeg 150w\" sizes=\"auto, (max-width: 1280px) 100vw, 1280px\" \/><\/p>\n<p><em><strong>Resumo da novela \u201cTiTiTi\u201d<\/strong><\/em> em 06\/07: no cap\u00edtulo 072(*) da novela, Clotilde aceita o pedido de Jacques. Ariclenes ficar feliz ao ler a mat\u00e9ria de Valentim na Moda Brasil. Luisa conforta Edgar quando ele v\u00ea seu ensaio com Marcela na revista. Giancarlo passa a dire\u00e7\u00e3o da Editora para Renato. Bruna visita Marcela, encontra Julinho e o rejeita. Gino, Magali e Jorgito se unem a Rebeca para comemorar o sucesso da f\u00e1brica.<\/p>\n<p>Rebeca for\u00e7a Breno a tirar seis meses de f\u00e9rias. Desir\u00e9e conta para Jorgito que foi convidada para morar em Londres e avisa que vai com ela. Irina passa o batom e Suzana se impressiona com o resultado. Jorgito recebe o apoio de Rebeca para ir para Londres com Desir\u00e9e.<\/p>\n<p>Gabriela procura emprego. Jaqueline usa um disfarce para entrar no apartamento de Jacques. Renato fica furioso com o ensaio de Marcela e Edgar na Moda Brasil e manda recolher as revistas. Jacques comunica \u00e0 m\u00e3e que se casar\u00e1 com Clotilde e Jaqueline ouve.<\/p>\n<p>Julinho se declara para Eduardo<\/p>\n<p>Jaqueline tira o disfarce e faz um esc\u00e2ndalo. Mabi conversa com Luti e sugere que eles visitem Cec\u00edlia. Ariclenes v\u00ea a Moda Brasil sendo recolhida das bancas. Pedro se insinua para Camila. Desir\u00e9e aceita o convite para morar em Londres e Lu\u00edsa comemora. J\u00falia n\u00e3o simpatiza com Clotilde. Chico se alia a Lourdes para deixar Nicole com ci\u00fame.<\/p>\n<p>Marta garante para Ariclenes que seu cora\u00e7\u00e3o est\u00e1 fechado para o amor. Dorinha estranha o interesse de Yasmine pela vida de Desir\u00e9e. Suzana e Gustavo procuram Renato. Breno se desespera ao ver que Tha\u00edsa levou uma cabra para casa. Jacques comunica \u00e0 fam\u00edlia que se casar\u00e1 com Clotilde. Julinho se declara para Eduardo. Lu\u00edsa tenta se aproximar de Edgar. Gustavo chega \u00e0 casa de Giancarlo. <\/p>\n<p>(*) edi\u00e7\u00e3o das novelas da Globo, \u201cTiTiTi\u201d, sujeito a altera\u00e7\u00e3o de data e conte\u00fado.<\/p>\n<p>Sinopse &#8220;TiTiTi&#8221;: Alexandre Borges e Murilo Ben\u00edcio interpretam os rivais da hist\u00f3ria, respectivamente Jacques Leclair e Victor Valentim, que passam a novela inteira se digladiando para ver quem sobressai no mundo na moda como estilista bem-sucedido, com o nome transformado em grife e as cole\u00e7\u00f5es desfiladas nas grandes semanas de moda e fotografadas para as revistas de celebridades.<\/p>\n","protected":false},"excerpt":{"rendered":"<p>Resumo da novela \u201cTiTiTi\u201d em 06\/07: no cap\u00edtulo 072(*) da novela, Clotilde aceita o pedido de Jacques. Ariclenes ficar feliz ao ler a mat\u00e9ria de Valentim na Moda Brasil. Luisa conforta Edgar quando ele v\u00ea seu ensaio com Marcela na revista. Giancarlo passa a dire\u00e7\u00e3o da Editora para Renato. Bruna visita Marcela, encontra Julinho e [&hellip;]<\/p>\n","protected":false},"author":2,"featured_media":204655,"comment_status":"closed","ping_status":"closed","sticky":false,"template":"","format":"standard","meta":{"tdm_status":"","tdm_grid_status":"","footnotes":""},"categories":[379,375,2025,343,2193],"tags":[441],"class_list":{"0":"post-208137","1":"post","2":"type-post","3":"status-publish","4":"format-standard","5":"has-post-thumbnail","7":"category-novelas","8":"category-rede-globo","9":"category-resumo","10":"category-televisao","11":"category-tititi","12":"tag-resumo-do-dia"},"_links":{"self":[{"href":"https:\/\/migracao.redenoticia.com.br\/noticia\/wp-json\/wp\/v2\/posts\/208137","targetHints":{"allow":["GET"]}}],"collection":[{"href":"https:\/\/migracao.redenoticia.com.br\/noticia\/wp-json\/wp\/v2\/posts"}],"about":[{"href":"https:\/\/migracao.redenoticia.com.br\/noticia\/wp-json\/wp\/v2\/types\/post"}],"author":[{"embeddable":true,"href":"https:\/\/migracao.redenoticia.com.br\/noticia\/wp-json\/wp\/v2\/users\/2"}],"replies":[{"embeddable":true,"href":"https:\/\/migracao.redenoticia.com.br\/noticia\/wp-json\/wp\/v2\/comments?post=208137"}],"version-history":[{"count":0,"href":"https:\/\/migracao.redenoticia.com.br\/noticia\/wp-json\/wp\/v2\/posts\/208137\/revisions"}],"wp:featuredmedia":[{"embeddable":true,"href":"https:\/\/migracao.redenoticia.com.br\/noticia\/wp-json\/wp\/v2\/media\/204655"}],"wp:attachment":[{"href":"https:\/\/migracao.redenoticia.com.br\/noticia\/wp-json\/wp\/v2\/media?parent=208137"}],"wp:term":[{"taxonomy":"category","embeddable":true,"href":"https:\/\/migracao.redenoticia.com.br\/noticia\/wp-json\/wp\/v2\/categories?post=208137"},{"taxonomy":"post_tag","embeddable":true,"href":"https:\/\/migracao.redenoticia.com.br\/noticia\/wp-json\/wp\/v2\/tags?post=208137"}],"curies":[{"name":"wp","href":"https:\/\/api.w.org\/{rel}","templated":true}]}}