{"id":208215,"date":"2021-07-07T12:28:28","date_gmt":"2021-07-07T15:28:28","guid":{"rendered":"https:\/\/www.redenoticia.com.br\/noticia\/?p=208215"},"modified":"2021-07-07T12:28:28","modified_gmt":"2021-07-07T15:28:28","slug":"resumo-a-vida-da-gente-08-07-ana-e-lucio-fazem-diversos-programas-juntos","status":"publish","type":"post","link":"https:\/\/migracao.redenoticia.com.br\/noticia\/2021\/resumo-a-vida-da-gente-08-07-ana-e-lucio-fazem-diversos-programas-juntos\/208215","title":{"rendered":"Resumo \u201cA Vida da Gente\u201d 08\/07: Ana e L\u00facio fazem diversos programas juntos"},"content":{"rendered":"<p><img loading=\"lazy\" decoding=\"async\" src=\"https:\/\/migracao.redenoticia.com.br\/noticia\/imagens\/a-vida-da-gente-elenco-principal.jpg\" alt=\"\" width=\"1280\" height=\"720\" class=\"aligncenter size-full wp-image-203501\" srcset=\"https:\/\/migracao.redenoticia.com.br\/noticia\/imagens\/a-vida-da-gente-elenco-principal.jpg 1280w, https:\/\/migracao.redenoticia.com.br\/noticia\/imagens\/a-vida-da-gente-elenco-principal-250x140.jpg 250w, https:\/\/migracao.redenoticia.com.br\/noticia\/imagens\/a-vida-da-gente-elenco-principal-400x225.jpg 400w, https:\/\/migracao.redenoticia.com.br\/noticia\/imagens\/a-vida-da-gente-elenco-principal-768x432.jpg 768w, https:\/\/migracao.redenoticia.com.br\/noticia\/imagens\/a-vida-da-gente-elenco-principal-150x85.jpg 150w\" sizes=\"auto, (max-width: 1280px) 100vw, 1280px\" \/><\/p>\n<p><em><strong>Resumo da novela \u201cA Vida da Gente\u201d<\/strong><\/em> em 08\/07: no cap\u00edtulo 111(*) da novela, Louren\u00e7o confessa a Rodrigo que est\u00e1 com medo da paternidade. Laudelino vai se explicar para In\u00e1, mas ela diz que s\u00f3 volta a conversar com ele depois que ele fizer terapia. L\u00facio e Ana conversam ao telefone, enquanto assistem ao mesmo filme na televis\u00e3o. Wilson demonstra sua car\u00eancia, depois que Moema fala que est\u00e1 pensando em prestar vestibular para enfermagem. Dora reclama para Celina das atitudes de Marcos com a ag\u00eancia. Suzana convida Renato para trabalhar com ela.<\/p>\n<p>Manuela conversa com o dono do hotel onde ela est\u00e1 fazendo o coquetel. Jonas pensa em aumentar o sal\u00e1rio de Lorena para que ela mantenha sigilo sobre o ocorrido no shopping com Tiago. Alice conhece B\u00e1rbara, que fica encantada com a irm\u00e3 mais velha. Laudelino vai ao terapeuta. C\u00edcero fica enciumado ao saber que Suzana vai trabalhar com Renato. Ana e L\u00facio fazem diversos programas juntos. H\u00e1 uma passagem de tempo. Ana e L\u00facio se beijam.<\/p>\n<p>(*) edi\u00e7\u00e3o das novelas da Globo, \u201cA Vida da Gente\u201d, sujeito a altera\u00e7\u00e3o de data e conte\u00fado.<\/p>\n<p>Sinopse \u201cA Vida da Gente\u201d: Dois jovens, criados como irm\u00e3os, se apaixonam perdidamente, tendo de enfrentar a contrariedade de seus pais. Ana (Fernanda Vasconcellos) e Rodrigo (Rafael Cardoso) s\u00e3o filhos, respectivamente, de Eva (Ana Beatriz Nogueira) e Jonas (Paulo Betti), que, casados, criam juntos seus filhos de outras rela\u00e7\u00f5es. Ana tem uma irm\u00e3, Manuela (Marjorie Estiano), preterida por sua m\u00e3e. Ana descobre estar gr\u00e1vida. Antes de dar a not\u00edcia a Rodrigo, ela acaba aceitando o plano de sua m\u00e3e: esconder a gravidez. Ao nascer, a crian\u00e7a seria entregue \u00e0 ado\u00e7\u00e3o. Um acidente muda o destino da fam\u00edlia. Ana entra em um coma profundo e, segundo os m\u00e9dicos, talvez irrevers\u00edvel.<\/p>\n","protected":false},"excerpt":{"rendered":"<p>Resumo da novela \u201cA Vida da Gente\u201d em 08\/07: no cap\u00edtulo 111(*) da novela, Louren\u00e7o confessa a Rodrigo que est\u00e1 com medo da paternidade. Laudelino vai se explicar para In\u00e1, mas ela diz que s\u00f3 volta a conversar com ele depois que ele fizer terapia. L\u00facio e Ana conversam ao telefone, enquanto assistem ao mesmo [&hellip;]<\/p>\n","protected":false},"author":4,"featured_media":203502,"comment_status":"closed","ping_status":"closed","sticky":false,"template":"","format":"standard","meta":{"tdm_status":"","tdm_grid_status":"","footnotes":""},"categories":[2190,379,375,2025,343],"tags":[441],"class_list":{"0":"post-208215","1":"post","2":"type-post","3":"status-publish","4":"format-standard","5":"has-post-thumbnail","7":"category-a-vida-da-gente","8":"category-novelas","9":"category-rede-globo","10":"category-resumo","11":"category-televisao","12":"tag-resumo-do-dia"},"_links":{"self":[{"href":"https:\/\/migracao.redenoticia.com.br\/noticia\/wp-json\/wp\/v2\/posts\/208215","targetHints":{"allow":["GET"]}}],"collection":[{"href":"https:\/\/migracao.redenoticia.com.br\/noticia\/wp-json\/wp\/v2\/posts"}],"about":[{"href":"https:\/\/migracao.redenoticia.com.br\/noticia\/wp-json\/wp\/v2\/types\/post"}],"author":[{"embeddable":true,"href":"https:\/\/migracao.redenoticia.com.br\/noticia\/wp-json\/wp\/v2\/users\/4"}],"replies":[{"embeddable":true,"href":"https:\/\/migracao.redenoticia.com.br\/noticia\/wp-json\/wp\/v2\/comments?post=208215"}],"version-history":[{"count":0,"href":"https:\/\/migracao.redenoticia.com.br\/noticia\/wp-json\/wp\/v2\/posts\/208215\/revisions"}],"wp:featuredmedia":[{"embeddable":true,"href":"https:\/\/migracao.redenoticia.com.br\/noticia\/wp-json\/wp\/v2\/media\/203502"}],"wp:attachment":[{"href":"https:\/\/migracao.redenoticia.com.br\/noticia\/wp-json\/wp\/v2\/media?parent=208215"}],"wp:term":[{"taxonomy":"category","embeddable":true,"href":"https:\/\/migracao.redenoticia.com.br\/noticia\/wp-json\/wp\/v2\/categories?post=208215"},{"taxonomy":"post_tag","embeddable":true,"href":"https:\/\/migracao.redenoticia.com.br\/noticia\/wp-json\/wp\/v2\/tags?post=208215"}],"curies":[{"name":"wp","href":"https:\/\/api.w.org\/{rel}","templated":true}]}}