{"id":208315,"date":"2021-07-11T19:14:11","date_gmt":"2021-07-11T22:14:11","guid":{"rendered":"https:\/\/www.redenoticia.com.br\/noticia\/?p=208315"},"modified":"2021-07-11T19:14:11","modified_gmt":"2021-07-11T22:14:11","slug":"resumo-imperio-12-07-lorraine-encontra-o-diamante-cor-de-rosa","status":"publish","type":"post","link":"https:\/\/migracao.redenoticia.com.br\/noticia\/2021\/resumo-imperio-12-07-lorraine-encontra-o-diamante-cor-de-rosa\/208315","title":{"rendered":"Resumo \u201cImp\u00e9rio\u201d 12\/07: Lorraine encontra o diamante cor-de-rosa"},"content":{"rendered":"<p> <img loading=\"lazy\" decoding=\"async\" class=\"aligncenter size-full wp-image-205063\" src=\"https:\/\/migracao.redenoticia.com.br\/noticia\/imagens\/novela-imperio-resumo-elenco.jpeg\" alt=\"\" width=\"1280\" height=\"720\" srcset=\"https:\/\/migracao.redenoticia.com.br\/noticia\/imagens\/novela-imperio-resumo-elenco.jpeg 1280w, https:\/\/migracao.redenoticia.com.br\/noticia\/imagens\/novela-imperio-resumo-elenco-250x140.jpeg 250w, https:\/\/migracao.redenoticia.com.br\/noticia\/imagens\/novela-imperio-resumo-elenco-400x225.jpeg 400w, https:\/\/migracao.redenoticia.com.br\/noticia\/imagens\/novela-imperio-resumo-elenco-768x432.jpeg 768w, https:\/\/migracao.redenoticia.com.br\/noticia\/imagens\/novela-imperio-resumo-elenco-150x85.jpeg 150w\" sizes=\"auto, (max-width: 1280px) 100vw, 1280px\" \/><\/p>\n<p><em><strong>Resumo novela \u201cImp\u00e9rio\u201d<\/strong><\/em> em 12\/07: no cap\u00edtulo 079(*) da novela, Vicente confessa a Maria Clara que ainda gosta de Cristina. T\u00e9o tenta descobrir algo sobre a foto que recebeu de Maur\u00edlio. Enrico segue Vicente sem que ele perceba. Cl\u00e1udio tenta falar com Leonardo. Enrico enfrenta Leonardo na rua e Amanda socorre o rapaz. Vicente v\u00ea que o sobrado foi invadido e comenta com Xana. Elivaldo, Victor e Cora elogiam Cristina.<\/p>\n<p>Maria Marta gosta quando Jo\u00e3o Lucas afirma que vai tirar Cristina da joalheria Imp\u00e9rio. Antoninho conversa com Cardoso. Maria Marta manda Silviano levar dinheiro para Lorraine. Cristina enfrenta Maria Clara no primeiro dia de trabalho. Carmem comenta com Orville que se preocupa com Salvador. Cristina questiona Maria Clara sobre as notas fiscais dos diamantes e Jos\u00e9 Alfredo a observa. Lorraine vai \u00e0 casa de Silviano e encontra o diamante cor-de-rosa.<\/p>\n<p>(*) edi\u00e7\u00e3o das novelas da Globo, \u201cImp\u00e9rio\u201d, sujeito a altera\u00e7\u00e3o de data e conte\u00fado.<\/p>\n<p>Sinopse Novela &#8220;Imp\u00e9rio&#8221;: hist\u00f3ria do pernambucano Jos\u00e9 Alfredo de Medeiros (Chay Suede\/Alexandre Nero), o homem de preto. Dono de uma rede de joalherias, o Comendador tem tr\u00eas filhos com a aristocrata falida Maria Marta Mendon\u00e7a e Albuquerque (Adriana Birolli\/Lilia Cabral): Jos\u00e9 Pedro (Caio Blat), Maria Clara (Andreia Horta) e Jo\u00e3o Lucas (Daniel Rocha). Os tr\u00eas disputam a heran\u00e7a da empresa constru\u00edda pelo pai. <\/p>\n","protected":false},"excerpt":{"rendered":"<p>Resumo novela \u201cImp\u00e9rio\u201d em 12\/07: no cap\u00edtulo 079(*) da novela, Vicente confessa a Maria Clara que ainda gosta de Cristina. T\u00e9o tenta descobrir algo sobre a foto que recebeu de Maur\u00edlio. Enrico segue Vicente sem que ele perceba. Cl\u00e1udio tenta falar com Leonardo. Enrico enfrenta Leonardo na rua e Amanda socorre o rapaz. Vicente v\u00ea [&hellip;]<\/p>\n","protected":false},"author":2,"featured_media":205061,"comment_status":"closed","ping_status":"closed","sticky":false,"template":"","format":"standard","meta":{"tdm_status":"","tdm_grid_status":"","footnotes":""},"categories":[2196,379,375,2025,343],"tags":[441],"class_list":{"0":"post-208315","1":"post","2":"type-post","3":"status-publish","4":"format-standard","5":"has-post-thumbnail","7":"category-imperio","8":"category-novelas","9":"category-rede-globo","10":"category-resumo","11":"category-televisao","12":"tag-resumo-do-dia"},"_links":{"self":[{"href":"https:\/\/migracao.redenoticia.com.br\/noticia\/wp-json\/wp\/v2\/posts\/208315","targetHints":{"allow":["GET"]}}],"collection":[{"href":"https:\/\/migracao.redenoticia.com.br\/noticia\/wp-json\/wp\/v2\/posts"}],"about":[{"href":"https:\/\/migracao.redenoticia.com.br\/noticia\/wp-json\/wp\/v2\/types\/post"}],"author":[{"embeddable":true,"href":"https:\/\/migracao.redenoticia.com.br\/noticia\/wp-json\/wp\/v2\/users\/2"}],"replies":[{"embeddable":true,"href":"https:\/\/migracao.redenoticia.com.br\/noticia\/wp-json\/wp\/v2\/comments?post=208315"}],"version-history":[{"count":0,"href":"https:\/\/migracao.redenoticia.com.br\/noticia\/wp-json\/wp\/v2\/posts\/208315\/revisions"}],"wp:featuredmedia":[{"embeddable":true,"href":"https:\/\/migracao.redenoticia.com.br\/noticia\/wp-json\/wp\/v2\/media\/205061"}],"wp:attachment":[{"href":"https:\/\/migracao.redenoticia.com.br\/noticia\/wp-json\/wp\/v2\/media?parent=208315"}],"wp:term":[{"taxonomy":"category","embeddable":true,"href":"https:\/\/migracao.redenoticia.com.br\/noticia\/wp-json\/wp\/v2\/categories?post=208315"},{"taxonomy":"post_tag","embeddable":true,"href":"https:\/\/migracao.redenoticia.com.br\/noticia\/wp-json\/wp\/v2\/tags?post=208315"}],"curies":[{"name":"wp","href":"https:\/\/api.w.org\/{rel}","templated":true}]}}