{"id":208339,"date":"2021-07-12T17:53:08","date_gmt":"2021-07-12T20:53:08","guid":{"rendered":"https:\/\/www.redenoticia.com.br\/noticia\/?p=208339"},"modified":"2021-07-12T17:53:08","modified_gmt":"2021-07-12T20:53:08","slug":"resumo-imperio-13-07-jose-alfredo-ouve-conversa-sobre-diamante","status":"publish","type":"post","link":"https:\/\/migracao.redenoticia.com.br\/noticia\/2021\/resumo-imperio-13-07-jose-alfredo-ouve-conversa-sobre-diamante\/208339","title":{"rendered":"Resumo \u201cImp\u00e9rio\u201d 13\/07: Jos\u00e9 Alfredo ouve conversa sobre diamante"},"content":{"rendered":"<p> <img loading=\"lazy\" decoding=\"async\" class=\"aligncenter size-full wp-image-205063\" src=\"https:\/\/migracao.redenoticia.com.br\/noticia\/imagens\/novela-imperio-resumo-elenco.jpeg\" alt=\"\" width=\"1280\" height=\"720\" srcset=\"https:\/\/migracao.redenoticia.com.br\/noticia\/imagens\/novela-imperio-resumo-elenco.jpeg 1280w, https:\/\/migracao.redenoticia.com.br\/noticia\/imagens\/novela-imperio-resumo-elenco-250x140.jpeg 250w, https:\/\/migracao.redenoticia.com.br\/noticia\/imagens\/novela-imperio-resumo-elenco-400x225.jpeg 400w, https:\/\/migracao.redenoticia.com.br\/noticia\/imagens\/novela-imperio-resumo-elenco-768x432.jpeg 768w, https:\/\/migracao.redenoticia.com.br\/noticia\/imagens\/novela-imperio-resumo-elenco-150x85.jpeg 150w\" sizes=\"auto, (max-width: 1280px) 100vw, 1280px\" \/><\/p>\n<p><em><strong>Resumo novela \u201cImp\u00e9rio\u201d<\/strong><\/em> em 13\/07: no cap\u00edtulo 080(*) da novela, Lorraine fica fascinada pelo diamante cor-de-rosa. Jos\u00e9 Alfredo tira de um cofre alguns diamantes escondidos. Maria Clara tenta manter a calma com Cristina. Jos\u00e9 Alfredo manda Jos\u00e9 Pedro encontrar uma solu\u00e7\u00e3o para a falta das notas fiscais dos diamantes. Juliane consegue o emprego de vendedora. Salvador sai de casa e Orville vai atr\u00e1s do rapaz.<\/p>\n<p>Jairo d\u00e1 dinheiro para Cora. Um taxista tenta roubar Lorraine. Cora compra roupas novas e vai at\u00e9 a joalheria Imp\u00e9rio com Jairo. Salvador conhece J\u00fanior e Juliane. Maria Clara faz quest\u00e3o de falar com Vicente na frente de Cristina. Maur\u00edlio marca um encontro com T\u00e9o. Jos\u00e9 Alfredo ouve Silviano conversar com Maria Marta sobre o diamante cor-de-rosa.<\/p>\n<p>(*) edi\u00e7\u00e3o das novelas da Globo, \u201cImp\u00e9rio\u201d, sujeito a altera\u00e7\u00e3o de data e conte\u00fado.<br \/>\n\\<br \/>\nSinopse Novela &#8220;Imp\u00e9rio&#8221;: hist\u00f3ria do pernambucano Jos\u00e9 Alfredo de Medeiros (Chay Suede\/Alexandre Nero), o homem de preto. Dono de uma rede de joalherias, o Comendador tem tr\u00eas filhos com a aristocrata falida Maria Marta Mendon\u00e7a e Albuquerque (Adriana Birolli\/Lilia Cabral): Jos\u00e9 Pedro (Caio Blat), Maria Clara (Andreia Horta) e Jo\u00e3o Lucas (Daniel Rocha). Os tr\u00eas disputam a heran\u00e7a da empresa constru\u00edda pelo pai. <\/p>\n","protected":false},"excerpt":{"rendered":"<p>Resumo novela \u201cImp\u00e9rio\u201d em 13\/07: no cap\u00edtulo 080(*) da novela, Lorraine fica fascinada pelo diamante cor-de-rosa. Jos\u00e9 Alfredo tira de um cofre alguns diamantes escondidos. Maria Clara tenta manter a calma com Cristina. Jos\u00e9 Alfredo manda Jos\u00e9 Pedro encontrar uma solu\u00e7\u00e3o para a falta das notas fiscais dos diamantes. Juliane consegue o emprego de vendedora. [&hellip;]<\/p>\n","protected":false},"author":2,"featured_media":205061,"comment_status":"closed","ping_status":"closed","sticky":false,"template":"","format":"standard","meta":{"tdm_status":"","tdm_grid_status":"","footnotes":""},"categories":[2196,379,375,2025,343],"tags":[441],"class_list":{"0":"post-208339","1":"post","2":"type-post","3":"status-publish","4":"format-standard","5":"has-post-thumbnail","7":"category-imperio","8":"category-novelas","9":"category-rede-globo","10":"category-resumo","11":"category-televisao","12":"tag-resumo-do-dia"},"_links":{"self":[{"href":"https:\/\/migracao.redenoticia.com.br\/noticia\/wp-json\/wp\/v2\/posts\/208339","targetHints":{"allow":["GET"]}}],"collection":[{"href":"https:\/\/migracao.redenoticia.com.br\/noticia\/wp-json\/wp\/v2\/posts"}],"about":[{"href":"https:\/\/migracao.redenoticia.com.br\/noticia\/wp-json\/wp\/v2\/types\/post"}],"author":[{"embeddable":true,"href":"https:\/\/migracao.redenoticia.com.br\/noticia\/wp-json\/wp\/v2\/users\/2"}],"replies":[{"embeddable":true,"href":"https:\/\/migracao.redenoticia.com.br\/noticia\/wp-json\/wp\/v2\/comments?post=208339"}],"version-history":[{"count":0,"href":"https:\/\/migracao.redenoticia.com.br\/noticia\/wp-json\/wp\/v2\/posts\/208339\/revisions"}],"wp:featuredmedia":[{"embeddable":true,"href":"https:\/\/migracao.redenoticia.com.br\/noticia\/wp-json\/wp\/v2\/media\/205061"}],"wp:attachment":[{"href":"https:\/\/migracao.redenoticia.com.br\/noticia\/wp-json\/wp\/v2\/media?parent=208339"}],"wp:term":[{"taxonomy":"category","embeddable":true,"href":"https:\/\/migracao.redenoticia.com.br\/noticia\/wp-json\/wp\/v2\/categories?post=208339"},{"taxonomy":"post_tag","embeddable":true,"href":"https:\/\/migracao.redenoticia.com.br\/noticia\/wp-json\/wp\/v2\/tags?post=208339"}],"curies":[{"name":"wp","href":"https:\/\/api.w.org\/{rel}","templated":true}]}}