{"id":208342,"date":"2021-07-12T17:46:59","date_gmt":"2021-07-12T20:46:59","guid":{"rendered":"https:\/\/www.redenoticia.com.br\/noticia\/?p=208342"},"modified":"2021-07-12T17:46:59","modified_gmt":"2021-07-12T20:46:59","slug":"resumo-coracao-indomavel-13-07-maricruz-da-a-luz-uma-menina","status":"publish","type":"post","link":"https:\/\/migracao.redenoticia.com.br\/noticia\/2021\/resumo-coracao-indomavel-13-07-maricruz-da-a-luz-uma-menina\/208342","title":{"rendered":"Resumo &#8220;Cora\u00e7\u00e3o Indom\u00e1vel&#8221; 13\/07: Maricruz d\u00e1 \u00e0 luz uma menina"},"content":{"rendered":"<p><img loading=\"lazy\" decoding=\"async\" class=\"aligncenter size-full wp-image-206134\" src=\"https:\/\/migracao.redenoticia.com.br\/noticia\/imagens\/coracao-indomavel-resumo-novela-elenco.jpeg\" alt=\"\" width=\"1280\" height=\"720\" srcset=\"https:\/\/migracao.redenoticia.com.br\/noticia\/imagens\/coracao-indomavel-resumo-novela-elenco.jpeg 1280w, https:\/\/migracao.redenoticia.com.br\/noticia\/imagens\/coracao-indomavel-resumo-novela-elenco-250x140.jpeg 250w, https:\/\/migracao.redenoticia.com.br\/noticia\/imagens\/coracao-indomavel-resumo-novela-elenco-400x225.jpeg 400w, https:\/\/migracao.redenoticia.com.br\/noticia\/imagens\/coracao-indomavel-resumo-novela-elenco-768x432.jpeg 768w, https:\/\/migracao.redenoticia.com.br\/noticia\/imagens\/coracao-indomavel-resumo-novela-elenco-150x85.jpeg 150w\" sizes=\"auto, (max-width: 1280px) 100vw, 1280px\" \/><\/p>\n<p><strong><em>Resumo da novela &#8220;Cora\u00e7\u00e3o Indom\u00e1vel&#8221;<\/em><\/strong> em 13\/07: no cap\u00edtulo 037(*) da novela, Maricruz pede a Alessandro que n\u00e3o v\u00e1 \u00e0 Ilha Dourada e pede uma procura\u00e7\u00e3o para poder represent\u00e1-lo. Ele nega e decide ir at\u00e9 l\u00e1 para inspecionar o neg\u00f3cio. Miguel e Eus\u00e9bio discutem e o capataz diz que n\u00e3o poder\u00e1 queim\u00e1-lo vivo como fizeram com Ramiro e os chama de assassino. Miguel reage com um golpe, Jos\u00e9 Antonio separa a briga. Ot\u00e1vio est\u00e1 pilotando quando \u00e9 avisado que no avi\u00e3o tem uma passageira gr\u00e1vida que est\u00e1 passando mal. Miguel diz a Jos\u00e9 Antonio que vai demitir Eus\u00e9bio. Santa comenta com Jos\u00e9 Antonio que a briga entre Eus\u00e9bio e o patr\u00e3o foi porque certamente o capataz contou a verdade sobre o inc\u00eandio que matou Ramiro.<\/p>\n<p>No avi\u00e3o, Sonia, um m\u00e9dico e Eduardo socorrem Maricruz. Ela pede ao piloto que n\u00e3o conte nada a Ot\u00e1vio. Ot\u00e1vio percebe um interesse exagero de Eduardo pela passageira gr\u00e1vida. Eduardo diz que o pedido dela n\u00e3o pode revelar sua identidade. No hospital da Ilha Dourada, Maricruz d\u00e1 \u00e0 luz uma menina. Carola diz a Raiza que conseguiu algu\u00e9m para conquistar \u201cMaria Alessandra\u201d e lev\u00e1-la da Ilha Dourada. Maricruz recebe flores e um cart\u00e3o assinado piloto e co-piloto e acredita que foi Ot\u00e1vio que as enviou. Karim diz a Mohamed que s\u00f3 voltar\u00e1 para a Ar\u00e1bia quando estiver tudo resolvido com \u201cMaria Alessandra\u201d.<\/p>\n<p>(*) edi\u00e7\u00e3o das novelas do SBT, &#8220;Cora\u00e7\u00e3o Indom\u00e1vel&#8221;, sujeito a altera\u00e7\u00e3o de data e conte\u00fado.<\/p>\n<p>Sinopse &#8220;Cora\u00e7\u00e3o Indom\u00e1vel&#8221;: A novela conta a hist\u00f3ria da pobre Maricruz que, ap\u00f3s ter sido abandonada pelo marido, decide se vingar daqueles que a humilharam. Ela descobre ser filha de um homem rico, tornando-se uma mulher da alta sociedade.<\/p>\n","protected":false},"excerpt":{"rendered":"<p>Resumo da novela &#8220;Cora\u00e7\u00e3o Indom\u00e1vel&#8221; em 13\/07: no cap\u00edtulo 037(*) da novela, Maricruz pede a Alessandro que n\u00e3o v\u00e1 \u00e0 Ilha Dourada e pede uma procura\u00e7\u00e3o para poder represent\u00e1-lo. Ele nega e decide ir at\u00e9 l\u00e1 para inspecionar o neg\u00f3cio. Miguel e Eus\u00e9bio discutem e o capataz diz que n\u00e3o poder\u00e1 queim\u00e1-lo vivo como fizeram [&hellip;]<\/p>\n","protected":false},"author":2,"featured_media":206133,"comment_status":"closed","ping_status":"closed","sticky":false,"template":"","format":"standard","meta":{"tdm_status":"","tdm_grid_status":"","footnotes":""},"categories":[2200,379,2025,372,343],"tags":[441],"class_list":{"0":"post-208342","1":"post","2":"type-post","3":"status-publish","4":"format-standard","5":"has-post-thumbnail","7":"category-coracao-indomavel","8":"category-novelas","9":"category-resumo","10":"category-sbt","11":"category-televisao","12":"tag-resumo-do-dia"},"_links":{"self":[{"href":"https:\/\/migracao.redenoticia.com.br\/noticia\/wp-json\/wp\/v2\/posts\/208342","targetHints":{"allow":["GET"]}}],"collection":[{"href":"https:\/\/migracao.redenoticia.com.br\/noticia\/wp-json\/wp\/v2\/posts"}],"about":[{"href":"https:\/\/migracao.redenoticia.com.br\/noticia\/wp-json\/wp\/v2\/types\/post"}],"author":[{"embeddable":true,"href":"https:\/\/migracao.redenoticia.com.br\/noticia\/wp-json\/wp\/v2\/users\/2"}],"replies":[{"embeddable":true,"href":"https:\/\/migracao.redenoticia.com.br\/noticia\/wp-json\/wp\/v2\/comments?post=208342"}],"version-history":[{"count":0,"href":"https:\/\/migracao.redenoticia.com.br\/noticia\/wp-json\/wp\/v2\/posts\/208342\/revisions"}],"wp:featuredmedia":[{"embeddable":true,"href":"https:\/\/migracao.redenoticia.com.br\/noticia\/wp-json\/wp\/v2\/media\/206133"}],"wp:attachment":[{"href":"https:\/\/migracao.redenoticia.com.br\/noticia\/wp-json\/wp\/v2\/media?parent=208342"}],"wp:term":[{"taxonomy":"category","embeddable":true,"href":"https:\/\/migracao.redenoticia.com.br\/noticia\/wp-json\/wp\/v2\/categories?post=208342"},{"taxonomy":"post_tag","embeddable":true,"href":"https:\/\/migracao.redenoticia.com.br\/noticia\/wp-json\/wp\/v2\/tags?post=208342"}],"curies":[{"name":"wp","href":"https:\/\/api.w.org\/{rel}","templated":true}]}}