{"id":208364,"date":"2021-07-13T18:48:45","date_gmt":"2021-07-13T21:48:45","guid":{"rendered":"https:\/\/www.redenoticia.com.br\/noticia\/?p=208364"},"modified":"2021-07-13T18:48:45","modified_gmt":"2021-07-13T21:48:45","slug":"resumo-imperio-14-07-jose-alfredo-tenta-resgatar-seu-talisma","status":"publish","type":"post","link":"https:\/\/migracao.redenoticia.com.br\/noticia\/2021\/resumo-imperio-14-07-jose-alfredo-tenta-resgatar-seu-talisma\/208364","title":{"rendered":"Resumo \u201cImp\u00e9rio\u201d 14\/07: Jos\u00e9 Alfredo tenta resgatar seu talism\u00e3"},"content":{"rendered":"<p> <img loading=\"lazy\" decoding=\"async\" class=\"aligncenter size-full wp-image-205063\" src=\"https:\/\/migracao.redenoticia.com.br\/noticia\/imagens\/novela-imperio-resumo-elenco.jpeg\" alt=\"\" width=\"1280\" height=\"720\" srcset=\"https:\/\/migracao.redenoticia.com.br\/noticia\/imagens\/novela-imperio-resumo-elenco.jpeg 1280w, https:\/\/migracao.redenoticia.com.br\/noticia\/imagens\/novela-imperio-resumo-elenco-250x140.jpeg 250w, https:\/\/migracao.redenoticia.com.br\/noticia\/imagens\/novela-imperio-resumo-elenco-400x225.jpeg 400w, https:\/\/migracao.redenoticia.com.br\/noticia\/imagens\/novela-imperio-resumo-elenco-768x432.jpeg 768w, https:\/\/migracao.redenoticia.com.br\/noticia\/imagens\/novela-imperio-resumo-elenco-150x85.jpeg 150w\" sizes=\"auto, (max-width: 1280px) 100vw, 1280px\" \/><\/p>\n<p><em><strong>Resumo novela \u201cImp\u00e9rio\u201d<\/strong><\/em> em 14\/07: no cap\u00edtulo 081(*) da novela, Cora pede para Cristina lev\u00e1-la \u00e0 sala de reuni\u00f5es e ouve Maria Marta falar com Silviano sobre o diamante cor-de-rosa. Jos\u00e9 Alfredo, Maria Marta e Cora procuram o diamante. Cl\u00e1udio elogia o trabalho de Maria \u00cdsis. Leonardo chega em casa desleixado. Cardoso provoca Antoninho. \u00c9rika fala para Robert\u00e3o que T\u00e9o se encontrar\u00e1 com um informante misterioso.<\/p>\n<p>Cristina conta para os irm\u00e3os sobre o diamante cor-de-rosa. Cora se aproxima de Lorraine e tenta saber informa\u00e7\u00f5es sobre a pedra preciosa. Ismael, Josu\u00e9 e Jos\u00e9 Alfredo chegam a Santa Teresa. Cl\u00e1udio descobre que Leonardo est\u00e1 em depress\u00e3o. Antoninho pede para Cardoso ser preso. O diamante cai por uma janela e Jos\u00e9 Alfredo tenta resgatar seu talism\u00e3.<\/p>\n<p>(*) edi\u00e7\u00e3o das novelas da Globo, \u201cImp\u00e9rio\u201d, sujeito a altera\u00e7\u00e3o de data e conte\u00fado.<\/p>\n<p>Sinopse Novela &#8220;Imp\u00e9rio&#8221;: hist\u00f3ria do pernambucano Jos\u00e9 Alfredo de Medeiros (Chay Suede\/Alexandre Nero), o homem de preto. Dono de uma rede de joalherias, o Comendador tem tr\u00eas filhos com a aristocrata falida Maria Marta Mendon\u00e7a e Albuquerque (Adriana Birolli\/Lilia Cabral): Jos\u00e9 Pedro (Caio Blat), Maria Clara (Andreia Horta) e Jo\u00e3o Lucas (Daniel Rocha). Os tr\u00eas disputam a heran\u00e7a da empresa constru\u00edda pelo pai. <\/p>\n","protected":false},"excerpt":{"rendered":"<p>Resumo novela \u201cImp\u00e9rio\u201d em 14\/07: no cap\u00edtulo 081(*) da novela, Cora pede para Cristina lev\u00e1-la \u00e0 sala de reuni\u00f5es e ouve Maria Marta falar com Silviano sobre o diamante cor-de-rosa. Jos\u00e9 Alfredo, Maria Marta e Cora procuram o diamante. Cl\u00e1udio elogia o trabalho de Maria \u00cdsis. Leonardo chega em casa desleixado. Cardoso provoca Antoninho. \u00c9rika [&hellip;]<\/p>\n","protected":false},"author":2,"featured_media":205061,"comment_status":"closed","ping_status":"closed","sticky":false,"template":"","format":"standard","meta":{"tdm_status":"","tdm_grid_status":"","footnotes":""},"categories":[2196,379,375,2025,343],"tags":[441],"class_list":{"0":"post-208364","1":"post","2":"type-post","3":"status-publish","4":"format-standard","5":"has-post-thumbnail","7":"category-imperio","8":"category-novelas","9":"category-rede-globo","10":"category-resumo","11":"category-televisao","12":"tag-resumo-do-dia"},"_links":{"self":[{"href":"https:\/\/migracao.redenoticia.com.br\/noticia\/wp-json\/wp\/v2\/posts\/208364","targetHints":{"allow":["GET"]}}],"collection":[{"href":"https:\/\/migracao.redenoticia.com.br\/noticia\/wp-json\/wp\/v2\/posts"}],"about":[{"href":"https:\/\/migracao.redenoticia.com.br\/noticia\/wp-json\/wp\/v2\/types\/post"}],"author":[{"embeddable":true,"href":"https:\/\/migracao.redenoticia.com.br\/noticia\/wp-json\/wp\/v2\/users\/2"}],"replies":[{"embeddable":true,"href":"https:\/\/migracao.redenoticia.com.br\/noticia\/wp-json\/wp\/v2\/comments?post=208364"}],"version-history":[{"count":0,"href":"https:\/\/migracao.redenoticia.com.br\/noticia\/wp-json\/wp\/v2\/posts\/208364\/revisions"}],"wp:featuredmedia":[{"embeddable":true,"href":"https:\/\/migracao.redenoticia.com.br\/noticia\/wp-json\/wp\/v2\/media\/205061"}],"wp:attachment":[{"href":"https:\/\/migracao.redenoticia.com.br\/noticia\/wp-json\/wp\/v2\/media?parent=208364"}],"wp:term":[{"taxonomy":"category","embeddable":true,"href":"https:\/\/migracao.redenoticia.com.br\/noticia\/wp-json\/wp\/v2\/categories?post=208364"},{"taxonomy":"post_tag","embeddable":true,"href":"https:\/\/migracao.redenoticia.com.br\/noticia\/wp-json\/wp\/v2\/tags?post=208364"}],"curies":[{"name":"wp","href":"https:\/\/api.w.org\/{rel}","templated":true}]}}