{"id":208366,"date":"2021-07-13T18:42:40","date_gmt":"2021-07-13T21:42:40","guid":{"rendered":"https:\/\/www.redenoticia.com.br\/noticia\/?p=208366"},"modified":"2021-07-13T18:42:40","modified_gmt":"2021-07-13T21:42:40","slug":"resumo-chiquititas-14-07-geraldo-garante-a-edgar-que-nao-vai-se-afastar-da-filha","status":"publish","type":"post","link":"https:\/\/migracao.redenoticia.com.br\/noticia\/2021\/resumo-chiquititas-14-07-geraldo-garante-a-edgar-que-nao-vai-se-afastar-da-filha\/208366","title":{"rendered":"Resumo \u201cChiquititas\u201d 14\/07: Geraldo garante a Edgar que n\u00e3o vai se afastar da filha"},"content":{"rendered":"<p> <img loading=\"lazy\" decoding=\"async\" class=\"aligncenter size-full wp-image-195897\" src=\"https:\/\/migracao.redenoticia.com.br\/noticia\/imagens\/chiquititas-resumo-sinopse.jpg\" alt=\"\" width=\"1280\" height=\"720\" srcset=\"https:\/\/migracao.redenoticia.com.br\/noticia\/imagens\/chiquititas-resumo-sinopse.jpg 1280w, https:\/\/migracao.redenoticia.com.br\/noticia\/imagens\/chiquititas-resumo-sinopse-250x140.jpg 250w, https:\/\/migracao.redenoticia.com.br\/noticia\/imagens\/chiquititas-resumo-sinopse-400x225.jpg 400w, https:\/\/migracao.redenoticia.com.br\/noticia\/imagens\/chiquititas-resumo-sinopse-768x432.jpg 768w, https:\/\/migracao.redenoticia.com.br\/noticia\/imagens\/chiquititas-resumo-sinopse-150x85.jpg 150w, https:\/\/migracao.redenoticia.com.br\/noticia\/imagens\/chiquititas-resumo-sinopse-696x392.jpg 696w, https:\/\/migracao.redenoticia.com.br\/noticia\/imagens\/chiquititas-resumo-sinopse-1068x601.jpg 1068w\" sizes=\"auto, (max-width: 1280px) 100vw, 1280px\" \/><\/p>\n<p><strong><em>Resumo da novela \u201cChiquititas\u201d<\/em><\/strong> em 14\/07: no cap\u00edtulo 287(*) da novela, Gabriela conversa com Mili e pergunta o motivo que a deixou triste. Mili revela que n\u00e3o pode ficar com Mosca, pois Marian lhe contou que tamb\u00e9m gosta dele. Marian entra no quarto e diz que Mili est\u00e1 mais uma vez querendo coloc\u00e1-la contra Gabriela. A vil\u00e3 mirim diz que Mili quer afastar as duas. Na comunidade, Edgard joga baralho com amigos e faz Bia servir bebidas para eles. A adolescente se irrita, pede respeito e vai at\u00e9 o port\u00e3o. Geraldo aparece e vai conversar com ela. O homem, que na verdade \u00e9 pai de Bia, pergunta por que ela n\u00e3o ligou mais para ele para pedir carona.<\/p>\n<p>Bia conta que Edgard rasgou o cart\u00e3o, pois \u00e9 perigoso pegar carona de estanhos. O empres\u00e1rio convida Bia para lanchar e ela aceita. Gabriela conversa com Marian em particular e pede para a garota ser mais compreensiva, mas a vil\u00e3 mirim diz que Gabriela ter\u00e1 que escolher entre uma e outra. Cris se lembra de quando era f\u00e3 de Tomas Ferraz e Dani se lembra da m\u00e3e, Let\u00edcia. Geraldo volta com Bia para a comunidade. Edgard vai at\u00e9 a porta e v\u00ea Geraldo com Bia. O homem manda a sobrinha entrar e questiona o que Geraldo faz por l\u00e1.<\/p>\n<p>Andreia vai at\u00e9 o orfanato conversar com Carol. A mulher pede desculpa, mas Carol diz para ela n\u00e3o mentir, pois sabe que ela est\u00e1 feliz em conseguir separ\u00e1-la de Junior, mas para a infelicidade dela, n\u00e3o deixou de gostar de Junior. &#8220;Eu tamb\u00e9m gosto de Junior e eu quero que ele fique comigo e com o Diego, a fam\u00edlia dele. Voc\u00ea pode ter certeza que eu n\u00e3o vou desistir at\u00e9 conseguir o que eu quero!&#8221;, revela Andreia. Geraldo explica para Edgard que n\u00e3o sabia que a irm\u00e3 dele estava gr\u00e1vida, sen\u00e3o jamais teria sumido. Edgard instrui Geraldo a ficar longe de Bia. Geraldo garante que n\u00e3o vai se afastar da filha.<\/p>\n<p>(*) edi\u00e7\u00e3o das novelas do SBT, \u201cChiquititas\u201d, sujeito a altera\u00e7\u00e3o de data e conte\u00fado.<\/p>\n","protected":false},"excerpt":{"rendered":"<p>Resumo da novela \u201cChiquititas\u201d em 14\/07: no cap\u00edtulo 287(*) da novela, Gabriela conversa com Mili e pergunta o motivo que a deixou triste. Mili revela que n\u00e3o pode ficar com Mosca, pois Marian lhe contou que tamb\u00e9m gosta dele. Marian entra no quarto e diz que Mili est\u00e1 mais uma vez querendo coloc\u00e1-la contra Gabriela. [&hellip;]<\/p>\n","protected":false},"author":2,"featured_media":195894,"comment_status":"closed","ping_status":"closed","sticky":false,"template":"","format":"standard","meta":{"tdm_status":"","tdm_grid_status":"","footnotes":""},"categories":[409,379,2025,372,343],"tags":[441],"class_list":{"0":"post-208366","1":"post","2":"type-post","3":"status-publish","4":"format-standard","5":"has-post-thumbnail","7":"category-chiquititas","8":"category-novelas","9":"category-resumo","10":"category-sbt","11":"category-televisao","12":"tag-resumo-do-dia"},"_links":{"self":[{"href":"https:\/\/migracao.redenoticia.com.br\/noticia\/wp-json\/wp\/v2\/posts\/208366","targetHints":{"allow":["GET"]}}],"collection":[{"href":"https:\/\/migracao.redenoticia.com.br\/noticia\/wp-json\/wp\/v2\/posts"}],"about":[{"href":"https:\/\/migracao.redenoticia.com.br\/noticia\/wp-json\/wp\/v2\/types\/post"}],"author":[{"embeddable":true,"href":"https:\/\/migracao.redenoticia.com.br\/noticia\/wp-json\/wp\/v2\/users\/2"}],"replies":[{"embeddable":true,"href":"https:\/\/migracao.redenoticia.com.br\/noticia\/wp-json\/wp\/v2\/comments?post=208366"}],"version-history":[{"count":0,"href":"https:\/\/migracao.redenoticia.com.br\/noticia\/wp-json\/wp\/v2\/posts\/208366\/revisions"}],"wp:featuredmedia":[{"embeddable":true,"href":"https:\/\/migracao.redenoticia.com.br\/noticia\/wp-json\/wp\/v2\/media\/195894"}],"wp:attachment":[{"href":"https:\/\/migracao.redenoticia.com.br\/noticia\/wp-json\/wp\/v2\/media?parent=208366"}],"wp:term":[{"taxonomy":"category","embeddable":true,"href":"https:\/\/migracao.redenoticia.com.br\/noticia\/wp-json\/wp\/v2\/categories?post=208366"},{"taxonomy":"post_tag","embeddable":true,"href":"https:\/\/migracao.redenoticia.com.br\/noticia\/wp-json\/wp\/v2\/tags?post=208366"}],"curies":[{"name":"wp","href":"https:\/\/api.w.org\/{rel}","templated":true}]}}