{"id":208371,"date":"2021-07-13T18:44:40","date_gmt":"2021-07-13T21:44:40","guid":{"rendered":"https:\/\/www.redenoticia.com.br\/noticia\/?p=208371"},"modified":"2021-07-13T18:44:40","modified_gmt":"2021-07-13T21:44:40","slug":"resumo-tititi-14-07-camila-se-declara-para-luti-e-o-beija","status":"publish","type":"post","link":"https:\/\/migracao.redenoticia.com.br\/noticia\/2021\/resumo-tititi-14-07-camila-se-declara-para-luti-e-o-beija\/208371","title":{"rendered":"Resumo \u201cTiTiTi\u201d 14\/07: Camila se declara para Luti e o beija"},"content":{"rendered":"<p> <img loading=\"lazy\" decoding=\"async\" src=\"https:\/\/migracao.redenoticia.com.br\/noticia\/imagens\/tititi-elenco-personagens.jpeg\" alt=\"\" width=\"1280\" height=\"720\" class=\"aligncenter size-full wp-image-204657\" srcset=\"https:\/\/migracao.redenoticia.com.br\/noticia\/imagens\/tititi-elenco-personagens.jpeg 1280w, https:\/\/migracao.redenoticia.com.br\/noticia\/imagens\/tititi-elenco-personagens-250x140.jpeg 250w, https:\/\/migracao.redenoticia.com.br\/noticia\/imagens\/tititi-elenco-personagens-400x225.jpeg 400w, https:\/\/migracao.redenoticia.com.br\/noticia\/imagens\/tititi-elenco-personagens-768x432.jpeg 768w, https:\/\/migracao.redenoticia.com.br\/noticia\/imagens\/tititi-elenco-personagens-150x85.jpeg 150w\" sizes=\"auto, (max-width: 1280px) 100vw, 1280px\" \/><\/p>\n<p><em><strong>Resumo da novela \u201cTiTiTi\u201d<\/strong><\/em> em 14\/07: no cap\u00edtulo 078(*) da novela, a Madre Superiora alerta Jaqueline sobre as regras do convento e diz que ela ter\u00e1 que trocar seu nome. Jacques embarca com Clotilde para a lua-de-mel. Desir\u00e9e avisa \u00e0 m\u00e3e que St\u00e9fany e a crian\u00e7a melhoraram e segue para a vila com Armandinho. Tha\u00edsa investe contra as modelos do condom\u00ednio. Breno conta para Dorinha que falsificou os exames que Rebeca lhe pediu.<\/p>\n<p>Rebeca comunica \u00e0 fam\u00edlia que ela e Gino est\u00e3o juntos. Valqu\u00edria sonda Pedro sobre seu interesse por Camila. Amanda descobre que Fabinho \u00e9 pobre. Help procura Ariclenes e pede que ele a leve ao ateli\u00ea de Valentim. \u00c2ngelo fala com empolga\u00e7\u00e3o sobre o casamento de Jacques e deixa Marta magoada. Gustavo sugere que Bruna convide Julinho para morar novamente na mans\u00e3o.<\/p>\n<p>Bruna visita a ed\u00edcula e encontra um di\u00e1rio antigo de Osmar. Marcela visita Julinho em seu novo apartamento e mostra ao amigo o desenho que Renato fez. Edgar diz a Desir\u00e9e que ela continua no casting da Ag\u00eancia. Beatrice M. publica um novo post criticando Help. Help conclui que Mabi \u00e9 a blogueira misteriosa.<\/p>\n<p>Camila se declara para Luti e o beija. Marcela tenta se aproximar de Renato, mas ele a repele. Stela e Giancarlo falam sobre a inf\u00e2ncia do filho e Marcela se comove. Breno surge na casa de Rebeca e encontra Gino. Help desmascara Mabi. Gabriela reclama de enjoo e Amanda desconfia de que ela esteja gr\u00e1vida.<\/p>\n<p>(*) edi\u00e7\u00e3o das novelas da Globo, \u201cTiTiTi\u201d, sujeito a altera\u00e7\u00e3o de data e conte\u00fado.<\/p>\n<p>Sinopse &#8220;TiTiTi&#8221;: Alexandre Borges e Murilo Ben\u00edcio interpretam os rivais da hist\u00f3ria, respectivamente Jacques Leclair e Victor Valentim, que passam a novela inteira se digladiando para ver quem sobressai no mundo na moda como estilista bem-sucedido, com o nome transformado em grife e as cole\u00e7\u00f5es desfiladas nas grandes semanas de moda e fotografadas para as revistas de celebridades.<\/p>\n","protected":false},"excerpt":{"rendered":"<p>Resumo da novela \u201cTiTiTi\u201d em 14\/07: no cap\u00edtulo 078(*) da novela, a Madre Superiora alerta Jaqueline sobre as regras do convento e diz que ela ter\u00e1 que trocar seu nome. Jacques embarca com Clotilde para a lua-de-mel. Desir\u00e9e avisa \u00e0 m\u00e3e que St\u00e9fany e a crian\u00e7a melhoraram e segue para a vila com Armandinho. Tha\u00edsa [&hellip;]<\/p>\n","protected":false},"author":2,"featured_media":204655,"comment_status":"closed","ping_status":"closed","sticky":false,"template":"","format":"standard","meta":{"tdm_status":"","tdm_grid_status":"","footnotes":""},"categories":[379,375,2025,343,2193],"tags":[441],"class_list":{"0":"post-208371","1":"post","2":"type-post","3":"status-publish","4":"format-standard","5":"has-post-thumbnail","7":"category-novelas","8":"category-rede-globo","9":"category-resumo","10":"category-televisao","11":"category-tititi","12":"tag-resumo-do-dia"},"_links":{"self":[{"href":"https:\/\/migracao.redenoticia.com.br\/noticia\/wp-json\/wp\/v2\/posts\/208371","targetHints":{"allow":["GET"]}}],"collection":[{"href":"https:\/\/migracao.redenoticia.com.br\/noticia\/wp-json\/wp\/v2\/posts"}],"about":[{"href":"https:\/\/migracao.redenoticia.com.br\/noticia\/wp-json\/wp\/v2\/types\/post"}],"author":[{"embeddable":true,"href":"https:\/\/migracao.redenoticia.com.br\/noticia\/wp-json\/wp\/v2\/users\/2"}],"replies":[{"embeddable":true,"href":"https:\/\/migracao.redenoticia.com.br\/noticia\/wp-json\/wp\/v2\/comments?post=208371"}],"version-history":[{"count":0,"href":"https:\/\/migracao.redenoticia.com.br\/noticia\/wp-json\/wp\/v2\/posts\/208371\/revisions"}],"wp:featuredmedia":[{"embeddable":true,"href":"https:\/\/migracao.redenoticia.com.br\/noticia\/wp-json\/wp\/v2\/media\/204655"}],"wp:attachment":[{"href":"https:\/\/migracao.redenoticia.com.br\/noticia\/wp-json\/wp\/v2\/media?parent=208371"}],"wp:term":[{"taxonomy":"category","embeddable":true,"href":"https:\/\/migracao.redenoticia.com.br\/noticia\/wp-json\/wp\/v2\/categories?post=208371"},{"taxonomy":"post_tag","embeddable":true,"href":"https:\/\/migracao.redenoticia.com.br\/noticia\/wp-json\/wp\/v2\/tags?post=208371"}],"curies":[{"name":"wp","href":"https:\/\/api.w.org\/{rel}","templated":true}]}}