{"id":20840,"date":"2009-12-28T17:13:18","date_gmt":"2009-12-28T21:13:18","guid":{"rendered":"http:\/\/www.redenoticia.com.br\/noticia\/?p=20840"},"modified":"2009-12-28T17:13:18","modified_gmt":"2009-12-28T21:13:18","slug":"alerta-de-chuva-no-sudeste-segundo-a-climatempo","status":"publish","type":"post","link":"https:\/\/migracao.redenoticia.com.br\/noticia\/2009\/alerta-de-chuva-no-sudeste-segundo-a-climatempo\/20840","title":{"rendered":"Alerta de chuva no Sudeste segundo a Climatempo"},"content":{"rendered":"<p><strong><em><img loading=\"lazy\" decoding=\"async\" class=\"alignleft size-full wp-image-19270\" title=\"climatempo\" src=\"https:\/\/migracao.redenoticia.com.br\/noticia\/imagens\/climatempo2.jpg\" alt=\"\" width=\"300\" height=\"193\" srcset=\"https:\/\/migracao.redenoticia.com.br\/noticia\/imagens\/climatempo2.jpg 300w, https:\/\/migracao.redenoticia.com.br\/noticia\/imagens\/climatempo2-250x160.jpg 250w, https:\/\/migracao.redenoticia.com.br\/noticia\/imagens\/climatempo2-150x96.jpg 150w\" sizes=\"auto, (max-width: 300px) 100vw, 300px\" \/>Climatempo<\/em><\/strong> \u2013 S\u00e3o Paulo e Belo Horizonte ainda devem ter muitos problemas por conta da chuva at\u00e9 o \u00faltimo dia do ano. Na quarta-feira, dia 30, a chegada de outra frente fria ao litoral paulista aumenta o risco de temporais na capital. A chuva n\u00e3o dar\u00e1 tr\u00e9gua no dia 31. Em Belo Horizonte, a situa\u00e7\u00e3o \u00e9 semelhante. Dados Climatempo indicam que a nova frente fria tamb\u00e9m vai aumentar a chance de chuvas intensas, especialmente no dia 31 de dezembro. At\u00e9 l\u00e1, as pancadas de chuva n\u00e3o v\u00e3o parar nas duas capitais. Como j\u00e1 choveu muito nos \u00faltimos meses, os rios e c\u00f3rregos est\u00e3o com n\u00edveis muito acima do normal para esta \u00e9poca do ano. Os solos tamb\u00e9m est\u00e3o com \u00e1gua em excesso. Qualquer chuva agora, mesmo que n\u00e3o seja um temporal, poder\u00e1 desencadear novos alagamentos e deslizamentos.<\/p>\n<p>Segundo dados analisados pela Climatempo Meteorologia, a virada do ano deve ser chuvosa em v\u00e1rias regi\u00f5es do estado de S\u00e3o Paulo, especialmente na capital e no litoral. Uma frente fria vai avan\u00e7ar entre S\u00e3o Paulo e Rio de Janeiro, espalhando muitas \u00e1reas de instabilidade.<\/p>\n<p>A Climatempo divulgou que a capital fluminense, a regi\u00e3o dos Lagos e a Costa Verde ficam com muitas nuvens, com chuva que vai e vem. N\u00e3o h\u00e1 como descartar alguma possibilidade de chuva na virada, mas pode acontecer como em anos anteriores, quando a chuva parou justamente perto da meia noite.\u00a0Em situa\u00e7\u00e3o mais tranquila ficam as capitais do Sul do Brasil, com tempo firme e temperatura amena. No litoral do Nordeste a chuva \u00e9 passageira.<\/p>\n<p>Sobre o Grupo Climatempo &#8211;\u00a0O Grupo Climatempo \u00e9 a maior empresa privada de meteorologia do pa\u00eds. Fornece, atualmente, conte\u00fado para mais de 50 retransmissoras nacionais de televis\u00e3o, para r\u00e1dios de todo o Brasil e para os principais portais. Com cerca de 1.100 clientes, a empresa atua principalmente em dois segmentos: o de agroneg\u00f3cios e o de meios de comunica\u00e7\u00e3o. Oferece tamb\u00e9m conte\u00fado meteorol\u00f3gico estrat\u00e9gico para empresas de moda e varejo, energia el\u00e9trica, constru\u00e7\u00e3o civil, transporte e log\u00edstica, al\u00e9m de bancos, seguradoras e ind\u00fastrias farmac\u00eautica e de alimentos. O Grupo \u00e9 presidido pelo meteorologista Carlos Magno que, com mais de 23 anos de carreira, foi um dos primeiros comunicadores da profiss\u00e3o no Pa\u00eds.<\/p>\n<p>Climatempo Meteorologia<\/p>\n","protected":false},"excerpt":{"rendered":"<p>Climatempo \u2013 S\u00e3o Paulo e Belo Horizonte ainda devem ter muitos problemas por conta da chuva at\u00e9 o \u00faltimo dia do ano. Na quarta-feira, dia 30, a chegada de outra frente fria ao litoral paulista aumenta o risco de temporais na capital. A chuva n\u00e3o dar\u00e1 tr\u00e9gua no dia 31. Em Belo Horizonte, a situa\u00e7\u00e3o [&hellip;]<\/p>\n","protected":false},"author":3,"featured_media":0,"comment_status":"open","ping_status":"open","sticky":false,"template":"","format":"standard","meta":{"tdm_status":"","tdm_grid_status":"","footnotes":""},"categories":[22,327],"tags":[],"class_list":{"0":"post-20840","1":"post","2":"type-post","3":"status-publish","4":"format-standard","6":"category-brasil","7":"category-clima"},"_links":{"self":[{"href":"https:\/\/migracao.redenoticia.com.br\/noticia\/wp-json\/wp\/v2\/posts\/20840","targetHints":{"allow":["GET"]}}],"collection":[{"href":"https:\/\/migracao.redenoticia.com.br\/noticia\/wp-json\/wp\/v2\/posts"}],"about":[{"href":"https:\/\/migracao.redenoticia.com.br\/noticia\/wp-json\/wp\/v2\/types\/post"}],"author":[{"embeddable":true,"href":"https:\/\/migracao.redenoticia.com.br\/noticia\/wp-json\/wp\/v2\/users\/3"}],"replies":[{"embeddable":true,"href":"https:\/\/migracao.redenoticia.com.br\/noticia\/wp-json\/wp\/v2\/comments?post=20840"}],"version-history":[{"count":0,"href":"https:\/\/migracao.redenoticia.com.br\/noticia\/wp-json\/wp\/v2\/posts\/20840\/revisions"}],"wp:attachment":[{"href":"https:\/\/migracao.redenoticia.com.br\/noticia\/wp-json\/wp\/v2\/media?parent=20840"}],"wp:term":[{"taxonomy":"category","embeddable":true,"href":"https:\/\/migracao.redenoticia.com.br\/noticia\/wp-json\/wp\/v2\/categories?post=20840"},{"taxonomy":"post_tag","embeddable":true,"href":"https:\/\/migracao.redenoticia.com.br\/noticia\/wp-json\/wp\/v2\/tags?post=20840"}],"curies":[{"name":"wp","href":"https:\/\/api.w.org\/{rel}","templated":true}]}}