{"id":208445,"date":"2021-07-15T15:09:28","date_gmt":"2021-07-15T18:09:28","guid":{"rendered":"https:\/\/www.redenoticia.com.br\/noticia\/?p=208445"},"modified":"2021-07-15T15:09:28","modified_gmt":"2021-07-15T18:09:28","slug":"resumo-chiquititas-16-07-thiago-descobre-que-vivi-gosta-do-samuca","status":"publish","type":"post","link":"https:\/\/migracao.redenoticia.com.br\/noticia\/2021\/resumo-chiquititas-16-07-thiago-descobre-que-vivi-gosta-do-samuca\/208445","title":{"rendered":"Resumo \u201cChiquititas\u201d 16\/07: Thiago descobre que Vivi gosta do Samuca"},"content":{"rendered":"<p><img loading=\"lazy\" decoding=\"async\" class=\"aligncenter size-full wp-image-195897\" src=\"https:\/\/migracao.redenoticia.com.br\/noticia\/imagens\/chiquititas-resumo-sinopse.jpg\" alt=\"\" width=\"1280\" height=\"720\" srcset=\"https:\/\/migracao.redenoticia.com.br\/noticia\/imagens\/chiquititas-resumo-sinopse.jpg 1280w, https:\/\/migracao.redenoticia.com.br\/noticia\/imagens\/chiquititas-resumo-sinopse-250x140.jpg 250w, https:\/\/migracao.redenoticia.com.br\/noticia\/imagens\/chiquititas-resumo-sinopse-400x225.jpg 400w, https:\/\/migracao.redenoticia.com.br\/noticia\/imagens\/chiquititas-resumo-sinopse-768x432.jpg 768w, https:\/\/migracao.redenoticia.com.br\/noticia\/imagens\/chiquititas-resumo-sinopse-150x85.jpg 150w, https:\/\/migracao.redenoticia.com.br\/noticia\/imagens\/chiquititas-resumo-sinopse-696x392.jpg 696w, https:\/\/migracao.redenoticia.com.br\/noticia\/imagens\/chiquititas-resumo-sinopse-1068x601.jpg 1068w\" sizes=\"auto, (max-width: 1280px) 100vw, 1280px\" \/><\/p>\n<p><strong><em>Resumo da novela \u201cChiquititas\u201d<\/em><\/strong> em 16\/07: no cap\u00edtulo 289(*) da novela, Neco leva Lucia at\u00e9 o parque. A pequena se esfor\u00e7a para falar mais algumas palavras. Neco incentiva o contato dela com a natureza. Ao lado de Neco, ela abra\u00e7a pela primeira vez uma \u00e1rvore. Lucia fica emocionada. Neco tamb\u00e9m apresenta para a menina algumas flores e at\u00e9 um cachorro. Bel visita Samuca. Vivi fica enciumada. Samuca conta para Bel que n\u00e3o gosta mais de Vivi. Rafa faz exerc\u00edcios f\u00edsicos. Vivi tenta gravar seu vlog sozinha.<\/p>\n<p>Diego diz para Junior que quer que ele e sua m\u00e3e fiquem juntos. Vivi pensa e percebe que est\u00e1 gostando do Samuca. Oscar, pai de Maria Cec\u00edlia, visita \u00e0 filha, que est\u00e1 gr\u00e1vida. Francis finge um novo encontro para fazer ci\u00fame em Clarita. Marian diz para a m\u00e3e de Duda que Pata j\u00e1 foi moradora de rua. Pata chega e conhece Mariana. Clarita segue Francis e descobre que ele n\u00e3o anda se encontrando com ningu\u00e9m, mas que fica sozinho no bar. Pata conta para Mili que sentiu que Mariana olhou de maneira ruim para ela.<\/p>\n<p>Dani diz para Carol que chamou um amigo para jantar com elas. Fernando chega e Carol diz para Dani que ela precisa avisar com anteced\u00eancia. Carmen e Marian ajudam a expor Pata durante o jantar. Thiago encontra a c\u00e2mera que Vivi usa para gravar seu vlog e v\u00ea, nas imagens, um momento de distra\u00e7\u00e3o da chiquitita em que revela gostar de Samuca. Vivi chega e pede para Thiago n\u00e3o contar nada, em troca far\u00e1 o que ele quiser. Thiago pede para ela fazer sua tarefa de casa toda e ainda o que mais ele pedir.<\/p>\n<p>(*) edi\u00e7\u00e3o das novelas do SBT, \u201cChiquititas\u201d, sujeito a altera\u00e7\u00e3o de data e conte\u00fado.<\/p>\n","protected":false},"excerpt":{"rendered":"<p>Resumo da novela \u201cChiquititas\u201d em 16\/07: no cap\u00edtulo 289(*) da novela, Neco leva Lucia at\u00e9 o parque. A pequena se esfor\u00e7a para falar mais algumas palavras. Neco incentiva o contato dela com a natureza. Ao lado de Neco, ela abra\u00e7a pela primeira vez uma \u00e1rvore. Lucia fica emocionada. Neco tamb\u00e9m apresenta para a menina algumas [&hellip;]<\/p>\n","protected":false},"author":4,"featured_media":195894,"comment_status":"closed","ping_status":"closed","sticky":false,"template":"","format":"standard","meta":{"tdm_status":"","tdm_grid_status":"","footnotes":""},"categories":[409,379,2025,372,343],"tags":[441],"class_list":{"0":"post-208445","1":"post","2":"type-post","3":"status-publish","4":"format-standard","5":"has-post-thumbnail","7":"category-chiquititas","8":"category-novelas","9":"category-resumo","10":"category-sbt","11":"category-televisao","12":"tag-resumo-do-dia"},"_links":{"self":[{"href":"https:\/\/migracao.redenoticia.com.br\/noticia\/wp-json\/wp\/v2\/posts\/208445","targetHints":{"allow":["GET"]}}],"collection":[{"href":"https:\/\/migracao.redenoticia.com.br\/noticia\/wp-json\/wp\/v2\/posts"}],"about":[{"href":"https:\/\/migracao.redenoticia.com.br\/noticia\/wp-json\/wp\/v2\/types\/post"}],"author":[{"embeddable":true,"href":"https:\/\/migracao.redenoticia.com.br\/noticia\/wp-json\/wp\/v2\/users\/4"}],"replies":[{"embeddable":true,"href":"https:\/\/migracao.redenoticia.com.br\/noticia\/wp-json\/wp\/v2\/comments?post=208445"}],"version-history":[{"count":0,"href":"https:\/\/migracao.redenoticia.com.br\/noticia\/wp-json\/wp\/v2\/posts\/208445\/revisions"}],"wp:featuredmedia":[{"embeddable":true,"href":"https:\/\/migracao.redenoticia.com.br\/noticia\/wp-json\/wp\/v2\/media\/195894"}],"wp:attachment":[{"href":"https:\/\/migracao.redenoticia.com.br\/noticia\/wp-json\/wp\/v2\/media?parent=208445"}],"wp:term":[{"taxonomy":"category","embeddable":true,"href":"https:\/\/migracao.redenoticia.com.br\/noticia\/wp-json\/wp\/v2\/categories?post=208445"},{"taxonomy":"post_tag","embeddable":true,"href":"https:\/\/migracao.redenoticia.com.br\/noticia\/wp-json\/wp\/v2\/tags?post=208445"}],"curies":[{"name":"wp","href":"https:\/\/api.w.org\/{rel}","templated":true}]}}