{"id":20845,"date":"2009-12-28T17:41:21","date_gmt":"2009-12-28T21:41:21","guid":{"rendered":"http:\/\/www.redenoticia.com.br\/noticia\/?p=20845"},"modified":"2010-01-21T18:18:02","modified_gmt":"2010-01-21T22:18:02","slug":"clima-tempo-%e2%80%93-tendencia-de-chuva-no-sudeste-2912","status":"publish","type":"post","link":"https:\/\/migracao.redenoticia.com.br\/noticia\/2009\/clima-tempo-%e2%80%93-tendencia-de-chuva-no-sudeste-2912\/20845","title":{"rendered":"Clima tempo \u2013 tend\u00eancia de chuva no Sudeste (29\/12)"},"content":{"rendered":"<p><strong><em><img loading=\"lazy\" decoding=\"async\" class=\"alignleft size-full wp-image-19270\" title=\"climatempo\" src=\"https:\/\/migracao.redenoticia.com.br\/noticia\/imagens\/climatempo2.jpg\" alt=\"\" width=\"300\" height=\"193\" srcset=\"https:\/\/migracao.redenoticia.com.br\/noticia\/imagens\/climatempo2.jpg 300w, https:\/\/migracao.redenoticia.com.br\/noticia\/imagens\/climatempo2-250x160.jpg 250w, https:\/\/migracao.redenoticia.com.br\/noticia\/imagens\/climatempo2-150x96.jpg 150w\" sizes=\"auto, (max-width: 300px) 100vw, 300px\" \/>Clima tempo<\/em><\/strong> &#8211; A chuva voltou a causar problemas na regi\u00e3o metropolitana e em cidades do interior paulista. Segundo a Climatempo Meteorologia, o total de chuva acumulado este m\u00eas subiu para aproximadamente 323 mil\u00edmetros, valor que \u00e9 59% acima do normal. A m\u00e9dia fica em torno de 202 mil\u00edmetros. Em Guarulhos choveu 44 mil\u00edmetros. A regi\u00e3o de Taubat\u00e9 e de Sorocaba acumularam cerca de 27 mil\u00edmetros entre 10h de ontem (27) \u00a0e 10h de hoje (28).<\/p>\n<p>Na escala anual, a m\u00e9dia de chuva de dezembro \u00e9 a terceira maior da cidade de S\u00e3o Paulo, perdendo s\u00f3 para janeiro e fevereiro. A quantidade de chuva que j\u00e1 caiu sobre a cidade este m\u00eas \u00e9 maior do que m\u00e9dia de janeiro, que \u00e9 de aproximadamente 254 mil\u00edmetros. A \u00faltima vez que choveu mais de 300 mil\u00edmetros em dezembro foi em 2006.<\/p>\n<p>Belo Horizonte: chuva de dezembro est\u00e1 41% acima do normal<\/p>\n<p>Voltou a chover forte em Belo Horizonte. O Instituto Nacional de Meteorologia mediu 64,2 mil\u00edmetros acumulados entre 10h do domingo e 10h desta segunda-feira. Por\u00e9m, quase toda a chuva caiu ap\u00f3s as 22h de ontem.\u00a0Com o grande acumulado das \u00faltimas 24 horas, a capital mineira j\u00e1 recebeu cerca de 450 mil\u00edmetros de chuva em dezembro, 41% a mais do que a m\u00e9dia que \u00e9 de 319 mil\u00edmetros.\u00a0A tarde desta segunda-feira come\u00e7ou com chuva de fraca a moderada intensidade em v\u00e1rias cidades.<\/p>\n<p>Muita chuva no interior de MG &#8211;\u00a0Muitas localidades do sul de Minas Gerais e da zona da mata mineira tamb\u00e9m tiveram chuva volumosa de ontem para hoje. Segundo o Instituto Nacional de Meteorologia, choveu 55 mil\u00edmetros em Juiz de Fora, onde o total de chuva acumulado em dezembro est\u00e1 agora em 420 mil\u00edmetros. Este valor supera a m\u00e9dia do m\u00eas que \u00e9 de 327 mil\u00edmetros. Em Lavras, no sul mineiro, choveu 50 mil\u00edmetros. O total acumulado no m\u00eas atingiu a m\u00e9dia que fica em torno de 296 mil\u00edmetros.<\/p>\n<p>Tend\u00eancia de mais chuva para os pr\u00f3ximos dias segundo a Climatempo &#8211;\u00a0S\u00e3o Paulo e Belo Horizonte ainda devem ter muitos problemas por conta da chuva at\u00e9 o \u00faltimo dia do ano.\u00a0 Na quarta-feira, dia 30, a chegada de outra frente fria ao litoral paulista aumenta o risco de temporais na capital. A chuva n\u00e3o dar\u00e1 tr\u00e9gua no dia 31. Em Belo Horizonte, a situa\u00e7\u00e3o \u00e9 semelhante. A nova frente fria tamb\u00e9m vai aumentar a chance de chuvas intensas, especialmente no dia 31 de dezembro.<\/p>\n<p>At\u00e9 l\u00e1, as pancadas de chuva n\u00e3o v\u00e3o parar nas duas capitais. Como j\u00e1 choveu muito nos \u00faltimos meses, os rios e c\u00f3rregos est\u00e3o com n\u00edveis muito acima do normal para esta \u00e9poca do ano. Os solos tamb\u00e9m est\u00e3o com \u00e1gua em excesso. Qualquer chuva agora, mesmo que n\u00e3o seja um temporal, poder\u00e1 desencadear novos alagamentos e deslizamentos.<\/p>\n<p>Sobre o Grupo Climatempo &#8211;\u00a0O Grupo Climatempo \u00e9 a maior empresa privada de meteorologia do pa\u00eds. Fornece, atualmente, conte\u00fado para mais de 50 retransmissoras nacionais de televis\u00e3o, para r\u00e1dios de todo o Brasil e para os principais portais. Com cerca de 1.100 clientes, a empresa atua principalmente em dois segmentos: o de agroneg\u00f3cios e o de meios de comunica\u00e7\u00e3o. Oferece tamb\u00e9m conte\u00fado meteorol\u00f3gico estrat\u00e9gico para empresas de moda e varejo, energia el\u00e9trica, constru\u00e7\u00e3o civil, transporte e log\u00edstica, al\u00e9m de bancos, seguradoras e ind\u00fastrias farmac\u00eautica e de alimentos. O Grupo \u00e9 presidido pelo meteorologista Carlos Magno que, com mais de 23 anos de carreira, foi um dos primeiros comunicadores da profiss\u00e3o no Pa\u00eds.<\/p>\n","protected":false},"excerpt":{"rendered":"<p>Clima tempo &#8211; A chuva voltou a causar problemas na regi\u00e3o metropolitana e em cidades do interior paulista. Segundo a Climatempo Meteorologia, o total de chuva acumulado este m\u00eas subiu para aproximadamente 323 mil\u00edmetros, valor que \u00e9 59% acima do normal. A m\u00e9dia fica em torno de 202 mil\u00edmetros. Em Guarulhos choveu 44 mil\u00edmetros. A [&hellip;]<\/p>\n","protected":false},"author":3,"featured_media":15142,"comment_status":"open","ping_status":"open","sticky":false,"template":"","format":"standard","meta":{"tdm_status":"","tdm_grid_status":"","footnotes":""},"categories":[22,327],"tags":[],"class_list":{"0":"post-20845","1":"post","2":"type-post","3":"status-publish","4":"format-standard","5":"has-post-thumbnail","7":"category-brasil","8":"category-clima"},"_links":{"self":[{"href":"https:\/\/migracao.redenoticia.com.br\/noticia\/wp-json\/wp\/v2\/posts\/20845","targetHints":{"allow":["GET"]}}],"collection":[{"href":"https:\/\/migracao.redenoticia.com.br\/noticia\/wp-json\/wp\/v2\/posts"}],"about":[{"href":"https:\/\/migracao.redenoticia.com.br\/noticia\/wp-json\/wp\/v2\/types\/post"}],"author":[{"embeddable":true,"href":"https:\/\/migracao.redenoticia.com.br\/noticia\/wp-json\/wp\/v2\/users\/3"}],"replies":[{"embeddable":true,"href":"https:\/\/migracao.redenoticia.com.br\/noticia\/wp-json\/wp\/v2\/comments?post=20845"}],"version-history":[{"count":0,"href":"https:\/\/migracao.redenoticia.com.br\/noticia\/wp-json\/wp\/v2\/posts\/20845\/revisions"}],"wp:featuredmedia":[{"embeddable":true,"href":"https:\/\/migracao.redenoticia.com.br\/noticia\/wp-json\/wp\/v2\/media\/15142"}],"wp:attachment":[{"href":"https:\/\/migracao.redenoticia.com.br\/noticia\/wp-json\/wp\/v2\/media?parent=20845"}],"wp:term":[{"taxonomy":"category","embeddable":true,"href":"https:\/\/migracao.redenoticia.com.br\/noticia\/wp-json\/wp\/v2\/categories?post=20845"},{"taxonomy":"post_tag","embeddable":true,"href":"https:\/\/migracao.redenoticia.com.br\/noticia\/wp-json\/wp\/v2\/tags?post=20845"}],"curies":[{"name":"wp","href":"https:\/\/api.w.org\/{rel}","templated":true}]}}