{"id":208525,"date":"2021-07-18T18:39:47","date_gmt":"2021-07-18T21:39:47","guid":{"rendered":"https:\/\/www.redenoticia.com.br\/noticia\/?p=208525"},"modified":"2021-07-18T18:39:47","modified_gmt":"2021-07-18T21:39:47","slug":"resumo-imperio-19-07-jose-alfredo-descobre-que-jairo-esta-envolvido-com-cora","status":"publish","type":"post","link":"https:\/\/migracao.redenoticia.com.br\/noticia\/2021\/resumo-imperio-19-07-jose-alfredo-descobre-que-jairo-esta-envolvido-com-cora\/208525","title":{"rendered":"Resumo \u201cImp\u00e9rio\u201d 19\/07: Jos\u00e9 Alfredo descobre que Jairo est\u00e1 envolvido com Cora"},"content":{"rendered":"<p> <img loading=\"lazy\" decoding=\"async\" class=\"aligncenter size-full wp-image-205063\" src=\"https:\/\/migracao.redenoticia.com.br\/noticia\/imagens\/novela-imperio-resumo-elenco.jpeg\" alt=\"\" width=\"1280\" height=\"720\" srcset=\"https:\/\/migracao.redenoticia.com.br\/noticia\/imagens\/novela-imperio-resumo-elenco.jpeg 1280w, https:\/\/migracao.redenoticia.com.br\/noticia\/imagens\/novela-imperio-resumo-elenco-250x140.jpeg 250w, https:\/\/migracao.redenoticia.com.br\/noticia\/imagens\/novela-imperio-resumo-elenco-400x225.jpeg 400w, https:\/\/migracao.redenoticia.com.br\/noticia\/imagens\/novela-imperio-resumo-elenco-768x432.jpeg 768w, https:\/\/migracao.redenoticia.com.br\/noticia\/imagens\/novela-imperio-resumo-elenco-150x85.jpeg 150w\" sizes=\"auto, (max-width: 1280px) 100vw, 1280px\" \/><\/p>\n<p><em><strong>Resumo novela \u201cImp\u00e9rio\u201d<\/strong><\/em> em 19\/07: no cap\u00edtulo 085(*) da novela, Reginaldo leva Jos\u00e9 Alfredo at\u00e9 sua casa. Cristina recebe uma not\u00edcia ruim sobre Fernando. \u00c9rika diz a Danielle que n\u00e3o tem como ajud\u00e1-la. Jairo chega \u00e0 casa de Cora com o diamante e exige que ela cumpra a parte no acordo que fez com ele. Carmem mostra as c\u00f3pias de todos os documentos que Cl\u00e1udio tinha em comum com Leonardo e Merival se preocupa.<\/p>\n<p>Jairo descobre o endere\u00e7o de Cardoso. Jurema encontra seu quarto revirado e avisa a Reginaldo que eles foram roubados. Manoel convida Enrico para cozinhar em seu bar. Jo\u00e3o Lucas pensa em abrir um garimpo no Monte Roraima. \u00c9rika aconselha Danielle a contar o que fez para Jos\u00e9 Pedro. Magn\u00f3lia e Severo v\u00e3o \u00e0 casa de Maria \u00cdsis. Jos\u00e9 Alfredo descobre que Jairo est\u00e1 envolvido com Cora.<\/p>\n<p>Marta arma esc\u00e2ndalo ao ver Isis na joalheria<\/p>\n<p>Jos\u00e9 Alfredo manda Josu\u00e9 lev\u00e1-lo \u00e0 casa de Cora. Tuane sugere que Elivaldo se aproxime de Jos\u00e9 Alfredo. Cora encontra Jos\u00e9 Alfredo e cai desmaiada. Jurema e Reginaldo se surpreendem ao encontrar bolsas roubadas no arm\u00e1rio de Jairo. Cora avisa a Jos\u00e9 Alfredo que est\u00e1 com os peda\u00e7os de seu diamante cor-de-rosa. Antoninho se surpreende ao saber que Enrico est\u00e1 cozinhando para Manoel.<\/p>\n<p>Maria \u00cdsis expulsa os pais do restaurante de Vicente e Magn\u00f3lia promete acabar com o romance da filha com Jos\u00e9 Alfredo. Robert\u00e3o \u00e9 aprovado para fazer a campanha com Giancarlo. Jos\u00e9 Pedro afirma a Maria Marta que Cristina n\u00e3o descobrir\u00e1 nenhum desfalque na empresa. T\u00e9o pensa em publicar a grava\u00e7\u00e3o que Danielle fez de Jos\u00e9 Pedro. Jos\u00e9 Alfredo conversa com Cristina sobre a empresa. Maria Marta arma um esc\u00e2ndalo ao ver Maria \u00cdsis na joalheria Imp\u00e9rio.<\/p>\n<p>(*) edi\u00e7\u00e3o das novelas da Globo, \u201cImp\u00e9rio\u201d, sujeito a altera\u00e7\u00e3o de data e conte\u00fado.<\/p>\n<p>Sinopse Novela &#8220;Imp\u00e9rio&#8221;: hist\u00f3ria do pernambucano Jos\u00e9 Alfredo de Medeiros (Chay Suede\/Alexandre Nero), o homem de preto. Dono de uma rede de joalherias, o Comendador tem tr\u00eas filhos com a aristocrata falida Maria Marta Mendon\u00e7a e Albuquerque (Adriana Birolli\/Lilia Cabral): Jos\u00e9 Pedro (Caio Blat), Maria Clara (Andreia Horta) e Jo\u00e3o Lucas (Daniel Rocha). Os tr\u00eas disputam a heran\u00e7a da empresa constru\u00edda pelo pai. <\/p>\n","protected":false},"excerpt":{"rendered":"<p>Resumo novela \u201cImp\u00e9rio\u201d em 19\/07: no cap\u00edtulo 085(*) da novela, Reginaldo leva Jos\u00e9 Alfredo at\u00e9 sua casa. Cristina recebe uma not\u00edcia ruim sobre Fernando. \u00c9rika diz a Danielle que n\u00e3o tem como ajud\u00e1-la. Jairo chega \u00e0 casa de Cora com o diamante e exige que ela cumpra a parte no acordo que fez com ele. [&hellip;]<\/p>\n","protected":false},"author":2,"featured_media":205061,"comment_status":"closed","ping_status":"closed","sticky":false,"template":"","format":"standard","meta":{"tdm_status":"","tdm_grid_status":"","footnotes":""},"categories":[2196,379,375,2025,343],"tags":[441],"class_list":{"0":"post-208525","1":"post","2":"type-post","3":"status-publish","4":"format-standard","5":"has-post-thumbnail","7":"category-imperio","8":"category-novelas","9":"category-rede-globo","10":"category-resumo","11":"category-televisao","12":"tag-resumo-do-dia"},"_links":{"self":[{"href":"https:\/\/migracao.redenoticia.com.br\/noticia\/wp-json\/wp\/v2\/posts\/208525","targetHints":{"allow":["GET"]}}],"collection":[{"href":"https:\/\/migracao.redenoticia.com.br\/noticia\/wp-json\/wp\/v2\/posts"}],"about":[{"href":"https:\/\/migracao.redenoticia.com.br\/noticia\/wp-json\/wp\/v2\/types\/post"}],"author":[{"embeddable":true,"href":"https:\/\/migracao.redenoticia.com.br\/noticia\/wp-json\/wp\/v2\/users\/2"}],"replies":[{"embeddable":true,"href":"https:\/\/migracao.redenoticia.com.br\/noticia\/wp-json\/wp\/v2\/comments?post=208525"}],"version-history":[{"count":0,"href":"https:\/\/migracao.redenoticia.com.br\/noticia\/wp-json\/wp\/v2\/posts\/208525\/revisions"}],"wp:featuredmedia":[{"embeddable":true,"href":"https:\/\/migracao.redenoticia.com.br\/noticia\/wp-json\/wp\/v2\/media\/205061"}],"wp:attachment":[{"href":"https:\/\/migracao.redenoticia.com.br\/noticia\/wp-json\/wp\/v2\/media?parent=208525"}],"wp:term":[{"taxonomy":"category","embeddable":true,"href":"https:\/\/migracao.redenoticia.com.br\/noticia\/wp-json\/wp\/v2\/categories?post=208525"},{"taxonomy":"post_tag","embeddable":true,"href":"https:\/\/migracao.redenoticia.com.br\/noticia\/wp-json\/wp\/v2\/tags?post=208525"}],"curies":[{"name":"wp","href":"https:\/\/api.w.org\/{rel}","templated":true}]}}