{"id":208551,"date":"2021-07-19T15:11:22","date_gmt":"2021-07-19T18:11:22","guid":{"rendered":"https:\/\/www.redenoticia.com.br\/noticia\/?p=208551"},"modified":"2021-07-19T15:11:22","modified_gmt":"2021-07-19T18:11:22","slug":"resumo-tititi-20-07-ariclenes-beija-marta","status":"publish","type":"post","link":"https:\/\/migracao.redenoticia.com.br\/noticia\/2021\/resumo-tititi-20-07-ariclenes-beija-marta\/208551","title":{"rendered":"Resumo \u201cTiTiTi\u201d 20\/07: Ariclenes beija Marta"},"content":{"rendered":"<p><img loading=\"lazy\" decoding=\"async\" src=\"https:\/\/migracao.redenoticia.com.br\/noticia\/imagens\/tititi-elenco-personagens.jpeg\" alt=\"\" width=\"1280\" height=\"720\" class=\"aligncenter size-full wp-image-204657\" srcset=\"https:\/\/migracao.redenoticia.com.br\/noticia\/imagens\/tititi-elenco-personagens.jpeg 1280w, https:\/\/migracao.redenoticia.com.br\/noticia\/imagens\/tititi-elenco-personagens-250x140.jpeg 250w, https:\/\/migracao.redenoticia.com.br\/noticia\/imagens\/tititi-elenco-personagens-400x225.jpeg 400w, https:\/\/migracao.redenoticia.com.br\/noticia\/imagens\/tititi-elenco-personagens-768x432.jpeg 768w, https:\/\/migracao.redenoticia.com.br\/noticia\/imagens\/tititi-elenco-personagens-150x85.jpeg 150w\" sizes=\"auto, (max-width: 1280px) 100vw, 1280px\" \/><\/p>\n<p><em><strong>Resumo da novela \u201cTiTiTi\u201d<\/strong><\/em> em 20\/07: no cap\u00edtulo 082(*) da novela, Ariclenes beija Marta<\/p>\n<p>Ariclenes enfrenta Jacques para defender o filho. Suzana reassume o comando da revista. Rebeca comunica a Breno que Gino ir\u00e1 substitu\u00ed-lo na diretoria da f\u00e1brica. Gino hesita em aceitar o cargo de diretor, mas Rebeca o convence. Breno avisa a Ramiro que Gino foi promovido e cria intriga entre os oper\u00e1rios. Jacques exige que Valqu\u00edria se afaste de Luti.<\/p>\n<p>Pedro comenta que est\u00e1 apaixonado por Camila e pede conselhos \u00e0 av\u00f3. Amanda pressiona Gabriela a contar para Pedro que est\u00e1 gr\u00e1vida dele. Luti acha que Camila armou com Tha\u00edsa para acabar com seu namoro e rompe a amizade com ela. Suzana se re\u00fane com Marcela e sua equipe para falar sobre a edi\u00e7\u00e3o da revista. Help exige rea\u00e7\u00e3o de Renato e recebe uma proposta para comandar uma nova revista da Editora.<\/p>\n<p>Clotilde desconfia que Valentim plantou informa\u00e7\u00f5es falsas sobre seu chefe. Jaqueline tenta abrigar Massa no convento. Marcela surge na Lugar Models e pede para Edgar ajud\u00e1-la com um ensaio fotogr\u00e1fico para a Moda Brasil. Ariclenes repara que Marta mudou o cabelo e a incentiva a se produzir. Dorinha arma uma confus\u00e3o com Tha\u00edsa por causa da cabra e Breno passa mal. Ariclenes beija Marta.<\/p>\n<p>(*) edi\u00e7\u00e3o das novelas da Globo, \u201cTiTiTi\u201d, sujeito a altera\u00e7\u00e3o de data e conte\u00fado.<\/p>\n<p>Sinopse &#8220;TiTiTi&#8221;: Alexandre Borges e Murilo Ben\u00edcio interpretam os rivais da hist\u00f3ria, respectivamente Jacques Leclair e Victor Valentim, que passam a novela inteira se digladiando para ver quem sobressai no mundo na moda como estilista bem-sucedido, com o nome transformado em grife e as cole\u00e7\u00f5es desfiladas nas grandes semanas de moda e fotografadas para as revistas de celebridades.<\/p>\n","protected":false},"excerpt":{"rendered":"<p>Resumo da novela \u201cTiTiTi\u201d em 20\/07: no cap\u00edtulo 082(*) da novela, Ariclenes beija Marta Ariclenes enfrenta Jacques para defender o filho. Suzana reassume o comando da revista. Rebeca comunica a Breno que Gino ir\u00e1 substitu\u00ed-lo na diretoria da f\u00e1brica. Gino hesita em aceitar o cargo de diretor, mas Rebeca o convence. Breno avisa a Ramiro [&hellip;]<\/p>\n","protected":false},"author":4,"featured_media":204655,"comment_status":"closed","ping_status":"closed","sticky":false,"template":"","format":"standard","meta":{"tdm_status":"","tdm_grid_status":"","footnotes":""},"categories":[379,375,2025,343,2193],"tags":[441],"class_list":{"0":"post-208551","1":"post","2":"type-post","3":"status-publish","4":"format-standard","5":"has-post-thumbnail","7":"category-novelas","8":"category-rede-globo","9":"category-resumo","10":"category-televisao","11":"category-tititi","12":"tag-resumo-do-dia"},"_links":{"self":[{"href":"https:\/\/migracao.redenoticia.com.br\/noticia\/wp-json\/wp\/v2\/posts\/208551","targetHints":{"allow":["GET"]}}],"collection":[{"href":"https:\/\/migracao.redenoticia.com.br\/noticia\/wp-json\/wp\/v2\/posts"}],"about":[{"href":"https:\/\/migracao.redenoticia.com.br\/noticia\/wp-json\/wp\/v2\/types\/post"}],"author":[{"embeddable":true,"href":"https:\/\/migracao.redenoticia.com.br\/noticia\/wp-json\/wp\/v2\/users\/4"}],"replies":[{"embeddable":true,"href":"https:\/\/migracao.redenoticia.com.br\/noticia\/wp-json\/wp\/v2\/comments?post=208551"}],"version-history":[{"count":0,"href":"https:\/\/migracao.redenoticia.com.br\/noticia\/wp-json\/wp\/v2\/posts\/208551\/revisions"}],"wp:featuredmedia":[{"embeddable":true,"href":"https:\/\/migracao.redenoticia.com.br\/noticia\/wp-json\/wp\/v2\/media\/204655"}],"wp:attachment":[{"href":"https:\/\/migracao.redenoticia.com.br\/noticia\/wp-json\/wp\/v2\/media?parent=208551"}],"wp:term":[{"taxonomy":"category","embeddable":true,"href":"https:\/\/migracao.redenoticia.com.br\/noticia\/wp-json\/wp\/v2\/categories?post=208551"},{"taxonomy":"post_tag","embeddable":true,"href":"https:\/\/migracao.redenoticia.com.br\/noticia\/wp-json\/wp\/v2\/tags?post=208551"}],"curies":[{"name":"wp","href":"https:\/\/api.w.org\/{rel}","templated":true}]}}