{"id":208575,"date":"2021-07-20T12:24:58","date_gmt":"2021-07-20T15:24:58","guid":{"rendered":"https:\/\/www.redenoticia.com.br\/noticia\/?p=208575"},"modified":"2021-07-20T12:24:58","modified_gmt":"2021-07-20T15:24:58","slug":"resumo-chiquititas-21-07-pata-revela-que-nao-se-sente-a-vontade-com-as-roupas-que-ganhou","status":"publish","type":"post","link":"https:\/\/migracao.redenoticia.com.br\/noticia\/2021\/resumo-chiquititas-21-07-pata-revela-que-nao-se-sente-a-vontade-com-as-roupas-que-ganhou\/208575","title":{"rendered":"Resumo \u201cChiquititas\u201d 21\/07: Pata revela que n\u00e3o se sente \u00e0 vontade com as roupas que ganhou"},"content":{"rendered":"<p><img loading=\"lazy\" decoding=\"async\" class=\"aligncenter size-full wp-image-195897\" src=\"https:\/\/migracao.redenoticia.com.br\/noticia\/imagens\/chiquititas-resumo-sinopse.jpg\" alt=\"\" width=\"1280\" height=\"720\" srcset=\"https:\/\/migracao.redenoticia.com.br\/noticia\/imagens\/chiquititas-resumo-sinopse.jpg 1280w, https:\/\/migracao.redenoticia.com.br\/noticia\/imagens\/chiquititas-resumo-sinopse-250x140.jpg 250w, https:\/\/migracao.redenoticia.com.br\/noticia\/imagens\/chiquititas-resumo-sinopse-400x225.jpg 400w, https:\/\/migracao.redenoticia.com.br\/noticia\/imagens\/chiquititas-resumo-sinopse-768x432.jpg 768w, https:\/\/migracao.redenoticia.com.br\/noticia\/imagens\/chiquititas-resumo-sinopse-150x85.jpg 150w, https:\/\/migracao.redenoticia.com.br\/noticia\/imagens\/chiquititas-resumo-sinopse-696x392.jpg 696w, https:\/\/migracao.redenoticia.com.br\/noticia\/imagens\/chiquititas-resumo-sinopse-1068x601.jpg 1068w\" sizes=\"auto, (max-width: 1280px) 100vw, 1280px\" \/><\/p>\n<p><strong><em>Resumo da novela \u201cChiquititas\u201d<\/em><\/strong> em 21\/07: no cap\u00edtulo 293(*) da novela, as crian\u00e7as entram no orfanato e veem uma embalagem de presente. As menores ficam muito felizes ao descobrir que trata-se do videogame que eles queriam. Carmen aparece e diz que deve ter sido algu\u00e9m muito bom que enviou o presente. Cintia encaminha uma mensagem para Vivi e diz que est\u00e1 na porta do orfanato para passear com ela. Mosca consegue o emprego no Samb\u00e3o. C\u00edcero avisa o garoto que ele precisa conciliar os estudos com o trabalho. Mariana liga para Pata e lhe convida para almo\u00e7ar. A mulher pede para ela ir com as roupas novas que ganhou para surpreender Duda.<\/p>\n<p>Gilda, m\u00e3e de Tobias, e as irm\u00e3s dele, T\u00e1bata e Tamiris, chegam ao apartamento de Maria Cec\u00edlia cheias de presentes. No hospital, Junior fala sozinho com Fernando e pergunta como est\u00e1 o estado de sa\u00fade de Andreia. Fernando diz que \u00e9 grave e n\u00e3o h\u00e1 nada que possam fazer para reverter isso. Cintia diz para Vivi que ela n\u00e3o pode gostar de Samuca, mas sim de um menino popular da escola. A vil\u00e3 fala ainda que Carol namora Junior apenas por interesse. Cintia leva a menina para fazer compras. Pata chega na Mans\u00e3o Almeida Campos e todos dizem que ela est\u00e1 linda.<\/p>\n<p>Helena faz Neco varrer o p\u00e1tio do orfanato ao ver que o menino iria sair. A mulher desconfia que ele tentaria invadir sua casa para falar com Lucia. Junior vai at\u00e9 a casa de Carol e consegue ficar pr\u00f3ximo de Dani ao explicar a tabuada do nove. Cintia diz para Vivi que ela deve contar que comprou as roupas com o resto do dinheiro que sobrou dos trabalhos como modelo. A vil\u00e3 tamb\u00e9m acalma Vivi sobre uma foto que tiraram juntas. Junior conta para Carol que Fernando confirmou a doen\u00e7a de Andreia. Carol diz que ela deve estar querendo se aproveitar e por isso est\u00e1 pressionando para que eles viajem juntos, mas que a decis\u00e3o final deve ser dele.<\/p>\n<p>Pata revela para Mili que n\u00e3o se sente \u00e0 vontade com as roupas que Mariana comprou para ela. Duda questiona a m\u00e3e se foi ela quem presenteou Pata com as roupas. O adolescente diz que gosta mais do estilo antigo da namorada. Mariana explica que Pata tinha um estilo mulambento e que precisa parecer uma menina de fam\u00edlia. Pata escuta tudo, interv\u00e9m e diz que Mariana precisa respeitar as pessoas. No orfanato, Samuca diz que Vivi ficou muito bonita com a roupa nova.<\/p>\n<p>(*) edi\u00e7\u00e3o das novelas do SBT, \u201cChiquititas\u201d, sujeito a altera\u00e7\u00e3o de data e conte\u00fado.<\/p>\n","protected":false},"excerpt":{"rendered":"<p>Resumo da novela \u201cChiquititas\u201d em 21\/07: no cap\u00edtulo 293(*) da novela, as crian\u00e7as entram no orfanato e veem uma embalagem de presente. As menores ficam muito felizes ao descobrir que trata-se do videogame que eles queriam. Carmen aparece e diz que deve ter sido algu\u00e9m muito bom que enviou o presente. Cintia encaminha uma mensagem [&hellip;]<\/p>\n","protected":false},"author":4,"featured_media":195894,"comment_status":"closed","ping_status":"closed","sticky":false,"template":"","format":"standard","meta":{"tdm_status":"","tdm_grid_status":"","footnotes":""},"categories":[409,379,2025,372,343],"tags":[441],"class_list":{"0":"post-208575","1":"post","2":"type-post","3":"status-publish","4":"format-standard","5":"has-post-thumbnail","7":"category-chiquititas","8":"category-novelas","9":"category-resumo","10":"category-sbt","11":"category-televisao","12":"tag-resumo-do-dia"},"_links":{"self":[{"href":"https:\/\/migracao.redenoticia.com.br\/noticia\/wp-json\/wp\/v2\/posts\/208575","targetHints":{"allow":["GET"]}}],"collection":[{"href":"https:\/\/migracao.redenoticia.com.br\/noticia\/wp-json\/wp\/v2\/posts"}],"about":[{"href":"https:\/\/migracao.redenoticia.com.br\/noticia\/wp-json\/wp\/v2\/types\/post"}],"author":[{"embeddable":true,"href":"https:\/\/migracao.redenoticia.com.br\/noticia\/wp-json\/wp\/v2\/users\/4"}],"replies":[{"embeddable":true,"href":"https:\/\/migracao.redenoticia.com.br\/noticia\/wp-json\/wp\/v2\/comments?post=208575"}],"version-history":[{"count":0,"href":"https:\/\/migracao.redenoticia.com.br\/noticia\/wp-json\/wp\/v2\/posts\/208575\/revisions"}],"wp:featuredmedia":[{"embeddable":true,"href":"https:\/\/migracao.redenoticia.com.br\/noticia\/wp-json\/wp\/v2\/media\/195894"}],"wp:attachment":[{"href":"https:\/\/migracao.redenoticia.com.br\/noticia\/wp-json\/wp\/v2\/media?parent=208575"}],"wp:term":[{"taxonomy":"category","embeddable":true,"href":"https:\/\/migracao.redenoticia.com.br\/noticia\/wp-json\/wp\/v2\/categories?post=208575"},{"taxonomy":"post_tag","embeddable":true,"href":"https:\/\/migracao.redenoticia.com.br\/noticia\/wp-json\/wp\/v2\/tags?post=208575"}],"curies":[{"name":"wp","href":"https:\/\/api.w.org\/{rel}","templated":true}]}}