{"id":208647,"date":"2021-07-22T12:02:33","date_gmt":"2021-07-22T15:02:33","guid":{"rendered":"https:\/\/www.redenoticia.com.br\/noticia\/?p=208647"},"modified":"2021-07-22T12:02:33","modified_gmt":"2021-07-22T15:02:33","slug":"resumo-tititi-23-07-beatrice-m-decreta-a-morte-de-jacques-para-a-moda","status":"publish","type":"post","link":"https:\/\/migracao.redenoticia.com.br\/noticia\/2021\/resumo-tititi-23-07-beatrice-m-decreta-a-morte-de-jacques-para-a-moda\/208647","title":{"rendered":"Resumo \u201cTiTiTi\u201d 23\/07: Beatrice M. decreta a morte de Jacques para a moda"},"content":{"rendered":"<p><img loading=\"lazy\" decoding=\"async\" src=\"https:\/\/migracao.redenoticia.com.br\/noticia\/imagens\/tititi-elenco-personagens.jpeg\" alt=\"\" width=\"1280\" height=\"720\" class=\"aligncenter size-full wp-image-204657\" srcset=\"https:\/\/migracao.redenoticia.com.br\/noticia\/imagens\/tititi-elenco-personagens.jpeg 1280w, https:\/\/migracao.redenoticia.com.br\/noticia\/imagens\/tititi-elenco-personagens-250x140.jpeg 250w, https:\/\/migracao.redenoticia.com.br\/noticia\/imagens\/tititi-elenco-personagens-400x225.jpeg 400w, https:\/\/migracao.redenoticia.com.br\/noticia\/imagens\/tititi-elenco-personagens-768x432.jpeg 768w, https:\/\/migracao.redenoticia.com.br\/noticia\/imagens\/tititi-elenco-personagens-150x85.jpeg 150w\" sizes=\"auto, (max-width: 1280px) 100vw, 1280px\" \/><\/p>\n<p><em><strong>Resumo da novela \u201cTiTiTi\u201d<\/strong><\/em> em 23\/07: no cap\u00edtulo 085(*) da novela, Jacques anuncia o in\u00edcio do seu desfile. Valqu\u00edria engana Z\u00e9 Carlos e consegue sair de casa para encontrar Luti. Ariclenes revela a Suzana que far\u00e1 seu desfile em uma feira-livre. Jorgito e Desir\u00e9e marcam a data do casamento. Jacques percebe que seu desfile foi um fracasso. Jacques descobre que Valqu\u00edria n\u00e3o dormiu em casa. \u00c2ngelo comenta que Ed Silveira fez duras cr\u00edticas ao desfile de Jacques. Beatrice M. decreta a morte de Jacques para a moda.<\/p>\n<p>Clotilde l\u00ea o blog de Beatrice M. e insinua que Mabi seja a pr\u00f3pria autora. Dona Mocinha vibra com o ensaio de Armandinho na Moda Brasil. Help surge na editora e avisa que voltou para comandar uma revista de fofoca. Luti e Valqu\u00edria visitam Gabriela. Breno confirma que tem um aneurisma no c\u00e9rebro. Suzana recusa o convite de Ariclenes para ir ao desfile de Victor Valentim e decepciona o ex-marido. Clotilde planeja acabar com o desfile de Valentim.<\/p>\n<p>(*) edi\u00e7\u00e3o das novelas da Globo, \u201cTiTiTi\u201d, sujeito a altera\u00e7\u00e3o de data e conte\u00fado.<\/p>\n<p>Sinopse &#8220;TiTiTi&#8221;: Alexandre Borges e Murilo Ben\u00edcio interpretam os rivais da hist\u00f3ria, respectivamente Jacques Leclair e Victor Valentim, que passam a novela inteira se digladiando para ver quem sobressai no mundo na moda como estilista bem-sucedido, com o nome transformado em grife e as cole\u00e7\u00f5es desfiladas nas grandes semanas de moda e fotografadas para as revistas de celebridades.<\/p>\n","protected":false},"excerpt":{"rendered":"<p>Resumo da novela \u201cTiTiTi\u201d em 23\/07: no cap\u00edtulo 085(*) da novela, Jacques anuncia o in\u00edcio do seu desfile. Valqu\u00edria engana Z\u00e9 Carlos e consegue sair de casa para encontrar Luti. Ariclenes revela a Suzana que far\u00e1 seu desfile em uma feira-livre. Jorgito e Desir\u00e9e marcam a data do casamento. Jacques percebe que seu desfile foi [&hellip;]<\/p>\n","protected":false},"author":4,"featured_media":204655,"comment_status":"closed","ping_status":"closed","sticky":false,"template":"","format":"standard","meta":{"tdm_status":"","tdm_grid_status":"","footnotes":""},"categories":[379,375,2025,343,2193],"tags":[441],"class_list":{"0":"post-208647","1":"post","2":"type-post","3":"status-publish","4":"format-standard","5":"has-post-thumbnail","7":"category-novelas","8":"category-rede-globo","9":"category-resumo","10":"category-televisao","11":"category-tititi","12":"tag-resumo-do-dia"},"_links":{"self":[{"href":"https:\/\/migracao.redenoticia.com.br\/noticia\/wp-json\/wp\/v2\/posts\/208647","targetHints":{"allow":["GET"]}}],"collection":[{"href":"https:\/\/migracao.redenoticia.com.br\/noticia\/wp-json\/wp\/v2\/posts"}],"about":[{"href":"https:\/\/migracao.redenoticia.com.br\/noticia\/wp-json\/wp\/v2\/types\/post"}],"author":[{"embeddable":true,"href":"https:\/\/migracao.redenoticia.com.br\/noticia\/wp-json\/wp\/v2\/users\/4"}],"replies":[{"embeddable":true,"href":"https:\/\/migracao.redenoticia.com.br\/noticia\/wp-json\/wp\/v2\/comments?post=208647"}],"version-history":[{"count":0,"href":"https:\/\/migracao.redenoticia.com.br\/noticia\/wp-json\/wp\/v2\/posts\/208647\/revisions"}],"wp:featuredmedia":[{"embeddable":true,"href":"https:\/\/migracao.redenoticia.com.br\/noticia\/wp-json\/wp\/v2\/media\/204655"}],"wp:attachment":[{"href":"https:\/\/migracao.redenoticia.com.br\/noticia\/wp-json\/wp\/v2\/media?parent=208647"}],"wp:term":[{"taxonomy":"category","embeddable":true,"href":"https:\/\/migracao.redenoticia.com.br\/noticia\/wp-json\/wp\/v2\/categories?post=208647"},{"taxonomy":"post_tag","embeddable":true,"href":"https:\/\/migracao.redenoticia.com.br\/noticia\/wp-json\/wp\/v2\/tags?post=208647"}],"curies":[{"name":"wp","href":"https:\/\/api.w.org\/{rel}","templated":true}]}}