{"id":208656,"date":"2021-07-22T12:07:07","date_gmt":"2021-07-22T15:07:07","guid":{"rendered":"https:\/\/www.redenoticia.com.br\/noticia\/?p=208656"},"modified":"2021-07-22T12:07:07","modified_gmt":"2021-07-22T15:07:07","slug":"resumo-imperio-23-07-teo-tem-em-maos-as-provas-contra-jose-alfredo","status":"publish","type":"post","link":"https:\/\/migracao.redenoticia.com.br\/noticia\/2021\/resumo-imperio-23-07-teo-tem-em-maos-as-provas-contra-jose-alfredo\/208656","title":{"rendered":"Resumo \u201cImp\u00e9rio\u201d 23\/07: T\u00e9o tem em m\u00e3os as provas contra Jos\u00e9 Alfredo"},"content":{"rendered":"<p><img loading=\"lazy\" decoding=\"async\" class=\"aligncenter size-full wp-image-205063\" src=\"https:\/\/migracao.redenoticia.com.br\/noticia\/imagens\/novela-imperio-resumo-elenco.jpeg\" alt=\"\" width=\"1280\" height=\"720\" srcset=\"https:\/\/migracao.redenoticia.com.br\/noticia\/imagens\/novela-imperio-resumo-elenco.jpeg 1280w, https:\/\/migracao.redenoticia.com.br\/noticia\/imagens\/novela-imperio-resumo-elenco-250x140.jpeg 250w, https:\/\/migracao.redenoticia.com.br\/noticia\/imagens\/novela-imperio-resumo-elenco-400x225.jpeg 400w, https:\/\/migracao.redenoticia.com.br\/noticia\/imagens\/novela-imperio-resumo-elenco-768x432.jpeg 768w, https:\/\/migracao.redenoticia.com.br\/noticia\/imagens\/novela-imperio-resumo-elenco-150x85.jpeg 150w\" sizes=\"auto, (max-width: 1280px) 100vw, 1280px\" \/><\/p>\n<p><em><strong>Resumo novela \u201cImp\u00e9rio\u201d<\/strong><\/em> em 23\/07: no cap\u00edtulo 089(*) da novela, Jos\u00e9 Alfredo manda Josu\u00e9 ouvir a conversa de Maur\u00edlio e T\u00e9o. Espinoza entrega o vidro com o l\u00edquido especial para o Comendador. Danielle se culpa por mentir para Jos\u00e9 Pedro. Maur\u00edlio mostra a T\u00e9o as provas contra Jos\u00e9 Alfredo. Du pensa em sua gravidez. Maria Marta apoia Jo\u00e3o Lucas. Cl\u00e1udio e Beatriz elogiam o trabalho de Maria \u00cdsis. Leonardo se junta a um grupo de mendigos.<\/p>\n<p>Salvador ouve Carmem falar para Orville sobre um colecionador argentino. Elivaldo comenta com Cristina que tamb\u00e9m queria ser acolhido pelo tio. Enrico observa Cl\u00e1udio e Beatriz juntos e marca um encontro com Bianca. T\u00e9o come\u00e7a a escrever sua mat\u00e9ria. Jos\u00e9 Alfredo afirma a Josu\u00e9 que n\u00e3o ser\u00e1 derrotado. Cora aprecia o diamante cor-de-rosa.<\/p>\n<p>(*) edi\u00e7\u00e3o das novelas da Globo, \u201cImp\u00e9rio\u201d, sujeito a altera\u00e7\u00e3o de data e conte\u00fado.<\/p>\n<p>Sinopse Novela &#8220;Imp\u00e9rio&#8221;: hist\u00f3ria do pernambucano Jos\u00e9 Alfredo de Medeiros (Chay Suede\/Alexandre Nero), o homem de preto. Dono de uma rede de joalherias, o Comendador tem tr\u00eas filhos com a aristocrata falida Maria Marta Mendon\u00e7a e Albuquerque (Adriana Birolli\/Lilia Cabral): Jos\u00e9 Pedro (Caio Blat), Maria Clara (Andreia Horta) e Jo\u00e3o Lucas (Daniel Rocha). Os tr\u00eas disputam a heran\u00e7a da empresa constru\u00edda pelo pai.<\/p>\n","protected":false},"excerpt":{"rendered":"<p>Resumo novela \u201cImp\u00e9rio\u201d em 23\/07: no cap\u00edtulo 089(*) da novela, Jos\u00e9 Alfredo manda Josu\u00e9 ouvir a conversa de Maur\u00edlio e T\u00e9o. Espinoza entrega o vidro com o l\u00edquido especial para o Comendador. Danielle se culpa por mentir para Jos\u00e9 Pedro. Maur\u00edlio mostra a T\u00e9o as provas contra Jos\u00e9 Alfredo. Du pensa em sua gravidez. Maria [&hellip;]<\/p>\n","protected":false},"author":4,"featured_media":205061,"comment_status":"closed","ping_status":"closed","sticky":false,"template":"","format":"standard","meta":{"tdm_status":"","tdm_grid_status":"","footnotes":""},"categories":[2196,379,375,2025,343],"tags":[441],"class_list":{"0":"post-208656","1":"post","2":"type-post","3":"status-publish","4":"format-standard","5":"has-post-thumbnail","7":"category-imperio","8":"category-novelas","9":"category-rede-globo","10":"category-resumo","11":"category-televisao","12":"tag-resumo-do-dia"},"_links":{"self":[{"href":"https:\/\/migracao.redenoticia.com.br\/noticia\/wp-json\/wp\/v2\/posts\/208656","targetHints":{"allow":["GET"]}}],"collection":[{"href":"https:\/\/migracao.redenoticia.com.br\/noticia\/wp-json\/wp\/v2\/posts"}],"about":[{"href":"https:\/\/migracao.redenoticia.com.br\/noticia\/wp-json\/wp\/v2\/types\/post"}],"author":[{"embeddable":true,"href":"https:\/\/migracao.redenoticia.com.br\/noticia\/wp-json\/wp\/v2\/users\/4"}],"replies":[{"embeddable":true,"href":"https:\/\/migracao.redenoticia.com.br\/noticia\/wp-json\/wp\/v2\/comments?post=208656"}],"version-history":[{"count":0,"href":"https:\/\/migracao.redenoticia.com.br\/noticia\/wp-json\/wp\/v2\/posts\/208656\/revisions"}],"wp:featuredmedia":[{"embeddable":true,"href":"https:\/\/migracao.redenoticia.com.br\/noticia\/wp-json\/wp\/v2\/media\/205061"}],"wp:attachment":[{"href":"https:\/\/migracao.redenoticia.com.br\/noticia\/wp-json\/wp\/v2\/media?parent=208656"}],"wp:term":[{"taxonomy":"category","embeddable":true,"href":"https:\/\/migracao.redenoticia.com.br\/noticia\/wp-json\/wp\/v2\/categories?post=208656"},{"taxonomy":"post_tag","embeddable":true,"href":"https:\/\/migracao.redenoticia.com.br\/noticia\/wp-json\/wp\/v2\/tags?post=208656"}],"curies":[{"name":"wp","href":"https:\/\/api.w.org\/{rel}","templated":true}]}}