{"id":208677,"date":"2021-07-23T12:08:20","date_gmt":"2021-07-23T15:08:20","guid":{"rendered":"https:\/\/www.redenoticia.com.br\/noticia\/?p=208677"},"modified":"2021-07-23T12:08:20","modified_gmt":"2021-07-23T15:08:20","slug":"resumo-chiquititas-24-07-cintia-e-anunciada-como-nova-diretora-do-orfanato","status":"publish","type":"post","link":"https:\/\/migracao.redenoticia.com.br\/noticia\/2021\/resumo-chiquititas-24-07-cintia-e-anunciada-como-nova-diretora-do-orfanato\/208677","title":{"rendered":"Resumo \u201cChiquititas\u201d 24\/07: Cintia \u00e9 anunciada como nova diretora do orfanato"},"content":{"rendered":"<p><img loading=\"lazy\" decoding=\"async\" class=\"aligncenter size-full wp-image-195897\" src=\"https:\/\/migracao.redenoticia.com.br\/noticia\/imagens\/chiquititas-resumo-sinopse.jpg\" alt=\"\" width=\"1280\" height=\"720\" srcset=\"https:\/\/migracao.redenoticia.com.br\/noticia\/imagens\/chiquititas-resumo-sinopse.jpg 1280w, https:\/\/migracao.redenoticia.com.br\/noticia\/imagens\/chiquititas-resumo-sinopse-250x140.jpg 250w, https:\/\/migracao.redenoticia.com.br\/noticia\/imagens\/chiquititas-resumo-sinopse-400x225.jpg 400w, https:\/\/migracao.redenoticia.com.br\/noticia\/imagens\/chiquititas-resumo-sinopse-768x432.jpg 768w, https:\/\/migracao.redenoticia.com.br\/noticia\/imagens\/chiquititas-resumo-sinopse-150x85.jpg 150w, https:\/\/migracao.redenoticia.com.br\/noticia\/imagens\/chiquititas-resumo-sinopse-696x392.jpg 696w, https:\/\/migracao.redenoticia.com.br\/noticia\/imagens\/chiquititas-resumo-sinopse-1068x601.jpg 1068w\" sizes=\"auto, (max-width: 1280px) 100vw, 1280px\" \/><\/p>\n<p><strong><em>Resumo da novela \u201cChiquititas\u201d<\/em><\/strong> em 24\/07: no cap\u00edtulo 296(*) da novela, Cris conversa com Andr\u00e9 sobre fazer uma entrevista com Vivi para o jornal da escola. Andr\u00e9 concorda desde que ele fa\u00e7a com Vivi e Cris fa\u00e7a com Janj\u00e3o. Afastada do orfanato devido uma falsa acusa\u00e7\u00e3o, Carol desabafa com o irm\u00e3o, Beto, no Caf\u00e9 Boutique. &#8220;Cada vez eu estou perdendo mais a esperan\u00e7a de voltar&#8221;, diz Carol. Na escola, Janu e Marian formam uma dupla para fazer exerc\u00edcios. Eduarda tenta fazer tratamentos est\u00e9ticos em casa. A mulher quer ficar bonita para chamar mais a aten\u00e7\u00e3o de Oscar do que a irm\u00e3 de Tobias, que \u00e9 mais jovem.<\/p>\n<p>Oscar vai at\u00e9 l\u00e1 e flagra a ex-mulher com creme vermelho no rosto. Vivi conta para Pata que acha que o tio est\u00e1 envolvido com a venda de DVD piratas. Andreia agradece a Junior por ter lhe ajudado na praia. Andr\u00e9 entrevista Vivi, que conta sobre sua trajet\u00f3ria na carreira de modelo. Cris entrevista Janj\u00e3o e pergunta sobre a experi\u00eancia dele no comando do Gr\u00eamio da escola e sobre as acusa\u00e7\u00f5es dele tirar proveito. Eduarda e Oscar v\u00e3o at\u00e9 a casa de Tobias e Maria Cec\u00edlia. Geraldo leva Bia at\u00e9 a casa dela. Edgard briga com a menina.<\/p>\n<p>Homens abordam Geraldo na rua e dizem que ele n\u00e3o deve mais aparecer na comunidade. Janu e Marian fazem o trabalho de geografia juntas, na mans\u00e3o dos Almeida Campos. Marian diz para Janu que pode lhe ajudar a conquistar Duda, desde que ela lhe ajude com algo no futuro. Janu aceita. Carmen entra no orfanato e diz para as chiquititas que possui uma novidade. Cintia entra no Raio de Luz e \u00e9 anunciada como nova diretora. As pequeninas n\u00e3o gostam da not\u00edcia. &#8220;Eu estava com muita saudade de todas voc\u00eas&#8221;, diz Cintia. Tamiris fica do lado de Oscar durante o almo\u00e7o na casa de Maria Cec\u00edlia. Eduarda fica enciumada. Todos discutem.<\/p>\n<p>Maria Cec\u00edlia sente dores muito fortes. Todos correm com Maria Cec\u00edlia para o hospital. Marian apresenta Mariana para Janu. Mariana diz ser uma pena que Janu n\u00e3o seja a namorada de Duda. Neco vai at\u00e9 a casa de Helena para falar com Lucia, mas percebe que a casa est\u00e1 toda trancada. Ap\u00f3s ultrassom da gesta\u00e7\u00e3o \u00e9 constatado que n\u00e3o h\u00e1 mais batimento card\u00edaco e que Maria Cec\u00edlia perdeu o beb\u00ea. No orfanato, Cintia finge pedir perd\u00e3o e Carmen como\u00e7\u00e3o. Cris liga para Carol e conta que Cintia \u00e9 a nova diretora do orfanato.<\/p>\n<p>(*) edi\u00e7\u00e3o das novelas do SBT, \u201cChiquititas\u201d, sujeito a altera\u00e7\u00e3o de data e conte\u00fado.<\/p>\n","protected":false},"excerpt":{"rendered":"<p>Resumo da novela \u201cChiquititas\u201d em 24\/07: no cap\u00edtulo 296(*) da novela, Cris conversa com Andr\u00e9 sobre fazer uma entrevista com Vivi para o jornal da escola. Andr\u00e9 concorda desde que ele fa\u00e7a com Vivi e Cris fa\u00e7a com Janj\u00e3o. Afastada do orfanato devido uma falsa acusa\u00e7\u00e3o, Carol desabafa com o irm\u00e3o, Beto, no Caf\u00e9 Boutique. [&hellip;]<\/p>\n","protected":false},"author":4,"featured_media":195894,"comment_status":"closed","ping_status":"closed","sticky":false,"template":"","format":"standard","meta":{"tdm_status":"","tdm_grid_status":"","footnotes":""},"categories":[409,379,2025,372,343],"tags":[441],"class_list":{"0":"post-208677","1":"post","2":"type-post","3":"status-publish","4":"format-standard","5":"has-post-thumbnail","7":"category-chiquititas","8":"category-novelas","9":"category-resumo","10":"category-sbt","11":"category-televisao","12":"tag-resumo-do-dia"},"_links":{"self":[{"href":"https:\/\/migracao.redenoticia.com.br\/noticia\/wp-json\/wp\/v2\/posts\/208677","targetHints":{"allow":["GET"]}}],"collection":[{"href":"https:\/\/migracao.redenoticia.com.br\/noticia\/wp-json\/wp\/v2\/posts"}],"about":[{"href":"https:\/\/migracao.redenoticia.com.br\/noticia\/wp-json\/wp\/v2\/types\/post"}],"author":[{"embeddable":true,"href":"https:\/\/migracao.redenoticia.com.br\/noticia\/wp-json\/wp\/v2\/users\/4"}],"replies":[{"embeddable":true,"href":"https:\/\/migracao.redenoticia.com.br\/noticia\/wp-json\/wp\/v2\/comments?post=208677"}],"version-history":[{"count":0,"href":"https:\/\/migracao.redenoticia.com.br\/noticia\/wp-json\/wp\/v2\/posts\/208677\/revisions"}],"wp:featuredmedia":[{"embeddable":true,"href":"https:\/\/migracao.redenoticia.com.br\/noticia\/wp-json\/wp\/v2\/media\/195894"}],"wp:attachment":[{"href":"https:\/\/migracao.redenoticia.com.br\/noticia\/wp-json\/wp\/v2\/media?parent=208677"}],"wp:term":[{"taxonomy":"category","embeddable":true,"href":"https:\/\/migracao.redenoticia.com.br\/noticia\/wp-json\/wp\/v2\/categories?post=208677"},{"taxonomy":"post_tag","embeddable":true,"href":"https:\/\/migracao.redenoticia.com.br\/noticia\/wp-json\/wp\/v2\/tags?post=208677"}],"curies":[{"name":"wp","href":"https:\/\/api.w.org\/{rel}","templated":true}]}}