{"id":208706,"date":"2021-07-24T19:46:44","date_gmt":"2021-07-24T22:46:44","guid":{"rendered":"https:\/\/www.redenoticia.com.br\/noticia\/?p=208706"},"modified":"2021-07-24T19:46:44","modified_gmt":"2021-07-24T22:46:44","slug":"resumo-imperio-26-07-jose-alfredo-interroga-jose-pedro-e-danielle","status":"publish","type":"post","link":"https:\/\/migracao.redenoticia.com.br\/noticia\/2021\/resumo-imperio-26-07-jose-alfredo-interroga-jose-pedro-e-danielle\/208706","title":{"rendered":"Resumo \u201cImp\u00e9rio\u201d 26\/07: Jos\u00e9 Alfredo interroga Jos\u00e9 Pedro e Danielle"},"content":{"rendered":"<p> <img loading=\"lazy\" decoding=\"async\" class=\"aligncenter size-full wp-image-205063\" src=\"https:\/\/migracao.redenoticia.com.br\/noticia\/imagens\/novela-imperio-resumo-elenco.jpeg\" alt=\"\" width=\"1280\" height=\"720\" srcset=\"https:\/\/migracao.redenoticia.com.br\/noticia\/imagens\/novela-imperio-resumo-elenco.jpeg 1280w, https:\/\/migracao.redenoticia.com.br\/noticia\/imagens\/novela-imperio-resumo-elenco-250x140.jpeg 250w, https:\/\/migracao.redenoticia.com.br\/noticia\/imagens\/novela-imperio-resumo-elenco-400x225.jpeg 400w, https:\/\/migracao.redenoticia.com.br\/noticia\/imagens\/novela-imperio-resumo-elenco-768x432.jpeg 768w, https:\/\/migracao.redenoticia.com.br\/noticia\/imagens\/novela-imperio-resumo-elenco-150x85.jpeg 150w\" sizes=\"auto, (max-width: 1280px) 100vw, 1280px\" \/><\/p>\n<p><em><strong>Resumo novela \u201cImp\u00e9rio\u201d<\/strong><\/em> em 26\/07: no cap\u00edtulo 091(*) da novela, Jos\u00e9 Alfredo exige que Maria Marta justifique sua certeza sobre a vingan\u00e7a de Danielle. T\u00e9o tenta organizar o dossi\u00ea sobre o Comendador. Carmem conversa com Orville sobre Salvador. Juliane comenta com Xana que aceitar\u00e1 o convite de Antoninho. Salvador engana Carmem. Robert\u00e3o pede para \u00c9rika guardar seu dinheiro. Enrico tenta falar com Maria Clara.<\/p>\n<p>Cl\u00e1udio afirma a Beatriz que n\u00e3o quer mais saber de Leonardo. Um mendigo rouba a mochila de Leonardo. Jo\u00e3o Lucas se declara para Du. Cora diz a Cristina que tem uma reuni\u00e3o com Jos\u00e9 Alfredo na joalheria Imp\u00e9rio e leva Jairo como seu seguran\u00e7a. Jos\u00e9 Alfredo interroga Jos\u00e9 Pedro e Danielle.<\/p>\n<p>(*) edi\u00e7\u00e3o das novelas da Globo, \u201cImp\u00e9rio\u201d, sujeito a altera\u00e7\u00e3o de data e conte\u00fado.<\/p>\n<p>Sinopse Novela &#8220;Imp\u00e9rio&#8221;: hist\u00f3ria do pernambucano Jos\u00e9 Alfredo de Medeiros (Chay Suede\/Alexandre Nero), o homem de preto. Dono de uma rede de joalherias, o Comendador tem tr\u00eas filhos com a aristocrata falida Maria Marta Mendon\u00e7a e Albuquerque (Adriana Birolli\/Lilia Cabral): Jos\u00e9 Pedro (Caio Blat), Maria Clara (Andreia Horta) e Jo\u00e3o Lucas (Daniel Rocha). Os tr\u00eas disputam a heran\u00e7a da empresa constru\u00edda pelo pai. <\/p>\n","protected":false},"excerpt":{"rendered":"<p>Resumo novela \u201cImp\u00e9rio\u201d em 26\/07: no cap\u00edtulo 091(*) da novela, Jos\u00e9 Alfredo exige que Maria Marta justifique sua certeza sobre a vingan\u00e7a de Danielle. T\u00e9o tenta organizar o dossi\u00ea sobre o Comendador. Carmem conversa com Orville sobre Salvador. Juliane comenta com Xana que aceitar\u00e1 o convite de Antoninho. Salvador engana Carmem. Robert\u00e3o pede para \u00c9rika [&hellip;]<\/p>\n","protected":false},"author":2,"featured_media":205061,"comment_status":"closed","ping_status":"closed","sticky":false,"template":"","format":"standard","meta":{"tdm_status":"","tdm_grid_status":"","footnotes":""},"categories":[2196,379,375,2025,343],"tags":[441],"class_list":{"0":"post-208706","1":"post","2":"type-post","3":"status-publish","4":"format-standard","5":"has-post-thumbnail","7":"category-imperio","8":"category-novelas","9":"category-rede-globo","10":"category-resumo","11":"category-televisao","12":"tag-resumo-do-dia"},"_links":{"self":[{"href":"https:\/\/migracao.redenoticia.com.br\/noticia\/wp-json\/wp\/v2\/posts\/208706","targetHints":{"allow":["GET"]}}],"collection":[{"href":"https:\/\/migracao.redenoticia.com.br\/noticia\/wp-json\/wp\/v2\/posts"}],"about":[{"href":"https:\/\/migracao.redenoticia.com.br\/noticia\/wp-json\/wp\/v2\/types\/post"}],"author":[{"embeddable":true,"href":"https:\/\/migracao.redenoticia.com.br\/noticia\/wp-json\/wp\/v2\/users\/2"}],"replies":[{"embeddable":true,"href":"https:\/\/migracao.redenoticia.com.br\/noticia\/wp-json\/wp\/v2\/comments?post=208706"}],"version-history":[{"count":0,"href":"https:\/\/migracao.redenoticia.com.br\/noticia\/wp-json\/wp\/v2\/posts\/208706\/revisions"}],"wp:featuredmedia":[{"embeddable":true,"href":"https:\/\/migracao.redenoticia.com.br\/noticia\/wp-json\/wp\/v2\/media\/205061"}],"wp:attachment":[{"href":"https:\/\/migracao.redenoticia.com.br\/noticia\/wp-json\/wp\/v2\/media?parent=208706"}],"wp:term":[{"taxonomy":"category","embeddable":true,"href":"https:\/\/migracao.redenoticia.com.br\/noticia\/wp-json\/wp\/v2\/categories?post=208706"},{"taxonomy":"post_tag","embeddable":true,"href":"https:\/\/migracao.redenoticia.com.br\/noticia\/wp-json\/wp\/v2\/tags?post=208706"}],"curies":[{"name":"wp","href":"https:\/\/api.w.org\/{rel}","templated":true}]}}