{"id":208709,"date":"2021-07-24T19:41:59","date_gmt":"2021-07-24T22:41:59","guid":{"rendered":"https:\/\/www.redenoticia.com.br\/noticia\/?p=208709"},"modified":"2021-07-24T19:41:59","modified_gmt":"2021-07-24T22:41:59","slug":"resumo-chiquititas-26-07-mili-grava-seu-diario-em-voz-e-marian-escuta","status":"publish","type":"post","link":"https:\/\/migracao.redenoticia.com.br\/noticia\/2021\/resumo-chiquititas-26-07-mili-grava-seu-diario-em-voz-e-marian-escuta\/208709","title":{"rendered":"Resumo \u201cChiquititas\u201d 26\/07: Mili grava seu di\u00e1rio em voz e Marian escuta"},"content":{"rendered":"<p> <img loading=\"lazy\" decoding=\"async\" class=\"aligncenter size-full wp-image-195897\" src=\"https:\/\/migracao.redenoticia.com.br\/noticia\/imagens\/chiquititas-resumo-sinopse.jpg\" alt=\"\" width=\"1280\" height=\"720\" srcset=\"https:\/\/migracao.redenoticia.com.br\/noticia\/imagens\/chiquititas-resumo-sinopse.jpg 1280w, https:\/\/migracao.redenoticia.com.br\/noticia\/imagens\/chiquititas-resumo-sinopse-250x140.jpg 250w, https:\/\/migracao.redenoticia.com.br\/noticia\/imagens\/chiquititas-resumo-sinopse-400x225.jpg 400w, https:\/\/migracao.redenoticia.com.br\/noticia\/imagens\/chiquititas-resumo-sinopse-768x432.jpg 768w, https:\/\/migracao.redenoticia.com.br\/noticia\/imagens\/chiquititas-resumo-sinopse-150x85.jpg 150w, https:\/\/migracao.redenoticia.com.br\/noticia\/imagens\/chiquititas-resumo-sinopse-696x392.jpg 696w, https:\/\/migracao.redenoticia.com.br\/noticia\/imagens\/chiquititas-resumo-sinopse-1068x601.jpg 1068w\" sizes=\"auto, (max-width: 1280px) 100vw, 1280px\" \/><\/p>\n<p><strong><em>Resumo da novela \u201cChiquititas\u201d<\/em><\/strong> em 26\/07: no cap\u00edtulo 297(*) da novela, Mili diz para Gabriela que sente falta de escrever em seu di\u00e1rio. Gabriela sugere que Mili use o celular para gravar um di\u00e1rio em \u00e1udio, usando o gravador eletr\u00f4nico. Cintia diz sozinha que ter\u00e1 que se fazer de coitada para agradar as crian\u00e7as. Bia vai at\u00e9 o orfanato e conversa com Cintia na dire\u00e7\u00e3o do Raio de Luz. A adolescente diz que n\u00e3o se sente bem morando com o tio e que quer voltar a morar no orfanato. Cintia diz para a menina que demora um tempo para ela tentar reverter o per\u00edodo de adapta\u00e7\u00e3o da guarda dela.<\/p>\n<p>Mili grava seu di\u00e1rio em voz e diz ficar triste que Mosca n\u00e3o lhe ligou mais. Marian escuta atr\u00e1s da porta e ouve Mili dizer que acha que Marian mente para ela. Marian diz para Janu ajud\u00e1-la a fingir para Mili que ela est\u00e1 muito pr\u00f3xima de Mosca. Cris diz que n\u00e3o falar\u00e1 mais com Vivi, pois s\u00f3 ela sabia de seu segredo em rela\u00e7\u00e3o a Samuca. Teca foi quem ouviu a conversa e contou para Marian, que espalhou a hist\u00f3ria na escola. Na casa da \u00e1rvore, Bel diz que gosta de Rafa e n\u00e3o \u00e9 apenas como amigo. O adolescente diz o mesmo. Os dois sorriem. Tobias conversa com os amigos no Caf\u00e9 Boutique e chora ao falar da filha.<\/p>\n<p>Maria Cec\u00edlia desabafa com a m\u00e3e e conta que tudo est\u00e1 sendo dif\u00edcil. Mariana, Janu, Marian, Duda e Pata v\u00e3o jantar juntos num restaurante. Andreia diz para Carmen que gosta muito de Junior, mas n\u00e3o sabe mais o que fazer e pensa em desistir de reconquist\u00e1-lo. Carmen sugere que ela fale para Fernando se aproximar mais de Carol e assim despertar ci\u00fame em Junior. No quarto, Teca revela que Marian espalhou tudo na escola. Cris pede desculpa para Vivi. Francis sai com a irm\u00e3 mais nova de Tobias. No jantar, Mariana joga indiretas e irrita Pata.<\/p>\n<p>(*) edi\u00e7\u00e3o das novelas do SBT, \u201cChiquititas\u201d, sujeito a altera\u00e7\u00e3o de data e conte\u00fado.<\/p>\n","protected":false},"excerpt":{"rendered":"<p>Resumo da novela \u201cChiquititas\u201d em 26\/07: no cap\u00edtulo 297(*) da novela, Mili diz para Gabriela que sente falta de escrever em seu di\u00e1rio. Gabriela sugere que Mili use o celular para gravar um di\u00e1rio em \u00e1udio, usando o gravador eletr\u00f4nico. Cintia diz sozinha que ter\u00e1 que se fazer de coitada para agradar as crian\u00e7as. Bia [&hellip;]<\/p>\n","protected":false},"author":2,"featured_media":195894,"comment_status":"closed","ping_status":"closed","sticky":false,"template":"","format":"standard","meta":{"tdm_status":"","tdm_grid_status":"","footnotes":""},"categories":[409,379,2025,372,343],"tags":[441],"class_list":{"0":"post-208709","1":"post","2":"type-post","3":"status-publish","4":"format-standard","5":"has-post-thumbnail","7":"category-chiquititas","8":"category-novelas","9":"category-resumo","10":"category-sbt","11":"category-televisao","12":"tag-resumo-do-dia"},"_links":{"self":[{"href":"https:\/\/migracao.redenoticia.com.br\/noticia\/wp-json\/wp\/v2\/posts\/208709","targetHints":{"allow":["GET"]}}],"collection":[{"href":"https:\/\/migracao.redenoticia.com.br\/noticia\/wp-json\/wp\/v2\/posts"}],"about":[{"href":"https:\/\/migracao.redenoticia.com.br\/noticia\/wp-json\/wp\/v2\/types\/post"}],"author":[{"embeddable":true,"href":"https:\/\/migracao.redenoticia.com.br\/noticia\/wp-json\/wp\/v2\/users\/2"}],"replies":[{"embeddable":true,"href":"https:\/\/migracao.redenoticia.com.br\/noticia\/wp-json\/wp\/v2\/comments?post=208709"}],"version-history":[{"count":0,"href":"https:\/\/migracao.redenoticia.com.br\/noticia\/wp-json\/wp\/v2\/posts\/208709\/revisions"}],"wp:featuredmedia":[{"embeddable":true,"href":"https:\/\/migracao.redenoticia.com.br\/noticia\/wp-json\/wp\/v2\/media\/195894"}],"wp:attachment":[{"href":"https:\/\/migracao.redenoticia.com.br\/noticia\/wp-json\/wp\/v2\/media?parent=208709"}],"wp:term":[{"taxonomy":"category","embeddable":true,"href":"https:\/\/migracao.redenoticia.com.br\/noticia\/wp-json\/wp\/v2\/categories?post=208709"},{"taxonomy":"post_tag","embeddable":true,"href":"https:\/\/migracao.redenoticia.com.br\/noticia\/wp-json\/wp\/v2\/tags?post=208709"}],"curies":[{"name":"wp","href":"https:\/\/api.w.org\/{rel}","templated":true}]}}