{"id":208824,"date":"2021-07-28T12:46:52","date_gmt":"2021-07-28T15:46:52","guid":{"rendered":"https:\/\/www.redenoticia.com.br\/noticia\/?p=208824"},"modified":"2021-07-28T12:46:52","modified_gmt":"2021-07-28T15:46:52","slug":"resumo-tititi-29-07-ariclenes-decide-comprar-a-marca-de-jacques-leclair","status":"publish","type":"post","link":"https:\/\/migracao.redenoticia.com.br\/noticia\/2021\/resumo-tititi-29-07-ariclenes-decide-comprar-a-marca-de-jacques-leclair\/208824","title":{"rendered":"Resumo \u201cTiTiTi\u201d 29\/07: Ariclenes decide comprar a marca de Jacques Leclair"},"content":{"rendered":"<p><img loading=\"lazy\" decoding=\"async\" src=\"https:\/\/migracao.redenoticia.com.br\/noticia\/imagens\/tititi-elenco-personagens.jpeg\" alt=\"\" width=\"1280\" height=\"720\" class=\"aligncenter size-full wp-image-204657\" srcset=\"https:\/\/migracao.redenoticia.com.br\/noticia\/imagens\/tititi-elenco-personagens.jpeg 1280w, https:\/\/migracao.redenoticia.com.br\/noticia\/imagens\/tititi-elenco-personagens-250x140.jpeg 250w, https:\/\/migracao.redenoticia.com.br\/noticia\/imagens\/tititi-elenco-personagens-400x225.jpeg 400w, https:\/\/migracao.redenoticia.com.br\/noticia\/imagens\/tititi-elenco-personagens-768x432.jpeg 768w, https:\/\/migracao.redenoticia.com.br\/noticia\/imagens\/tititi-elenco-personagens-150x85.jpeg 150w\" sizes=\"auto, (max-width: 1280px) 100vw, 1280px\" \/><\/p>\n<p><em><strong>Resumo da novela \u201cTiTiTi\u201d<\/strong><\/em> em 29\/07: no cap\u00edtulo 089(*) da novela, Preta Gil sugere que ela e Valentim apare\u00e7am para a imprensa. J\u00falia n\u00e3o se conforma com a ideia de o filho vender a marca Jacques Leclair. Renato se re\u00fane com Marcela, Stela e Suzana para falar sobre a Revista. Gino comenta com Rebeca que est\u00e1 preocupado com a depress\u00e3o de St\u00e9fany. St\u00e9fany se hospeda em um hotel de luxo. Tha\u00edsa e Armandinho se encontram na grava\u00e7\u00e3o de um videoclipe e fazem as vezes de casal. Edgar leva Amanda \u00e0 Ag\u00eancia e Luisa encara a modelo.<\/p>\n<p>Marta chega ao ateli\u00ea de Valentim e arma um plano para enganar os paparazzi. Adriano descobre que Help colocou a imprensa atr\u00e1s de Valentim e conta para Suzana. Soledad \u00e9 informada de que Solange foi presa roubando turistas na praia e avisa a Thales. Suzana procura Ariclenes e conta que Help est\u00e1 tentando desmascar\u00e1-lo. Tha\u00edsa apoia Armandinho durante a grava\u00e7\u00e3o do videoclipe.<\/p>\n<p>Ariclenes invade o escrit\u00f3rio de Help. Valqu\u00edria desabafa com Madu. Jacques insiste que s\u00f3 vender\u00e1 sua marca se puder continuar no controle. Jaqueline, Thales e Massa tiram Solange da cadeia. A Irm\u00e3 Tormento expulsa Jaqueline da Ordem. Francis leva Armandinho para ter aulas com Dorinha. Ariclenes fica sabendo que Jacques botou sua marca \u00e0 venda e decide compr\u00e1-la.<\/p>\n<p>(*) edi\u00e7\u00e3o das novelas da Globo, \u201cTiTiTi\u201d, sujeito a altera\u00e7\u00e3o de data e conte\u00fado.<\/p>\n<p>Sinopse &#8220;TiTiTi&#8221;: Alexandre Borges e Murilo Ben\u00edcio interpretam os rivais da hist\u00f3ria, respectivamente Jacques Leclair e Victor Valentim, que passam a novela inteira se digladiando para ver quem sobressai no mundo na moda como estilista bem-sucedido, com o nome transformado em grife e as cole\u00e7\u00f5es desfiladas nas grandes semanas de moda e fotografadas para as revistas de celebridades.<\/p>\n","protected":false},"excerpt":{"rendered":"<p>Resumo da novela \u201cTiTiTi\u201d em 29\/07: no cap\u00edtulo 089(*) da novela, Preta Gil sugere que ela e Valentim apare\u00e7am para a imprensa. J\u00falia n\u00e3o se conforma com a ideia de o filho vender a marca Jacques Leclair. Renato se re\u00fane com Marcela, Stela e Suzana para falar sobre a Revista. Gino comenta com Rebeca que [&hellip;]<\/p>\n","protected":false},"author":4,"featured_media":204655,"comment_status":"closed","ping_status":"closed","sticky":false,"template":"","format":"standard","meta":{"tdm_status":"","tdm_grid_status":"","footnotes":""},"categories":[379,375,2025,343,2193],"tags":[441],"class_list":{"0":"post-208824","1":"post","2":"type-post","3":"status-publish","4":"format-standard","5":"has-post-thumbnail","7":"category-novelas","8":"category-rede-globo","9":"category-resumo","10":"category-televisao","11":"category-tititi","12":"tag-resumo-do-dia"},"_links":{"self":[{"href":"https:\/\/migracao.redenoticia.com.br\/noticia\/wp-json\/wp\/v2\/posts\/208824","targetHints":{"allow":["GET"]}}],"collection":[{"href":"https:\/\/migracao.redenoticia.com.br\/noticia\/wp-json\/wp\/v2\/posts"}],"about":[{"href":"https:\/\/migracao.redenoticia.com.br\/noticia\/wp-json\/wp\/v2\/types\/post"}],"author":[{"embeddable":true,"href":"https:\/\/migracao.redenoticia.com.br\/noticia\/wp-json\/wp\/v2\/users\/4"}],"replies":[{"embeddable":true,"href":"https:\/\/migracao.redenoticia.com.br\/noticia\/wp-json\/wp\/v2\/comments?post=208824"}],"version-history":[{"count":0,"href":"https:\/\/migracao.redenoticia.com.br\/noticia\/wp-json\/wp\/v2\/posts\/208824\/revisions"}],"wp:featuredmedia":[{"embeddable":true,"href":"https:\/\/migracao.redenoticia.com.br\/noticia\/wp-json\/wp\/v2\/media\/204655"}],"wp:attachment":[{"href":"https:\/\/migracao.redenoticia.com.br\/noticia\/wp-json\/wp\/v2\/media?parent=208824"}],"wp:term":[{"taxonomy":"category","embeddable":true,"href":"https:\/\/migracao.redenoticia.com.br\/noticia\/wp-json\/wp\/v2\/categories?post=208824"},{"taxonomy":"post_tag","embeddable":true,"href":"https:\/\/migracao.redenoticia.com.br\/noticia\/wp-json\/wp\/v2\/tags?post=208824"}],"curies":[{"name":"wp","href":"https:\/\/api.w.org\/{rel}","templated":true}]}}