{"id":208975,"date":"2021-08-02T14:47:17","date_gmt":"2021-08-02T17:47:17","guid":{"rendered":"https:\/\/www.redenoticia.com.br\/noticia\/?p=208975"},"modified":"2021-08-02T14:47:17","modified_gmt":"2021-08-02T17:47:17","slug":"resumo-coracao-indomavel-03-08-otavio-se-surpreende-ao-ver-a-filha-de-maria-alessandra","status":"publish","type":"post","link":"https:\/\/migracao.redenoticia.com.br\/noticia\/2021\/resumo-coracao-indomavel-03-08-otavio-se-surpreende-ao-ver-a-filha-de-maria-alessandra\/208975","title":{"rendered":"Resumo &#8220;Cora\u00e7\u00e3o Indom\u00e1vel&#8221; 03\/08: Ot\u00e1vio se surpreende ao ver a filha de Maria Alessandra"},"content":{"rendered":"<p><img loading=\"lazy\" decoding=\"async\" class=\"aligncenter size-full wp-image-206134\" src=\"https:\/\/migracao.redenoticia.com.br\/noticia\/imagens\/coracao-indomavel-resumo-novela-elenco.jpeg\" alt=\"\" width=\"1280\" height=\"720\" srcset=\"https:\/\/migracao.redenoticia.com.br\/noticia\/imagens\/coracao-indomavel-resumo-novela-elenco.jpeg 1280w, https:\/\/migracao.redenoticia.com.br\/noticia\/imagens\/coracao-indomavel-resumo-novela-elenco-250x140.jpeg 250w, https:\/\/migracao.redenoticia.com.br\/noticia\/imagens\/coracao-indomavel-resumo-novela-elenco-400x225.jpeg 400w, https:\/\/migracao.redenoticia.com.br\/noticia\/imagens\/coracao-indomavel-resumo-novela-elenco-768x432.jpeg 768w, https:\/\/migracao.redenoticia.com.br\/noticia\/imagens\/coracao-indomavel-resumo-novela-elenco-150x85.jpeg 150w\" sizes=\"auto, (max-width: 1280px) 100vw, 1280px\" \/><\/p>\n<p><strong><em>Resumo da novela &#8220;Cora\u00e7\u00e3o Indom\u00e1vel&#8221;<\/em><\/strong> em 03\/08: no cap\u00edtulo 052(*) da novela, Lucia diz a Esther que est\u00e1 segura de que ela paquera Jos\u00e9 Ant\u00f4nio. Lucia pergunta a Esther se ela planeja ter um romance com Jos\u00e9 Ant\u00f4nio. Na casa de Maria Alessandra ela conta a Ot\u00e1vio o que ocorreu no escrit\u00f3rio do governador e o pedido de D\u00f3ris para que a expulsem de Ilha Dourada. Jos\u00e9 Ant\u00f4nio diz a Santa que Esther lhe ensinar\u00e1 a escrever e a ler, al\u00e9m de umas coisas mais e que quando ele por fim aprenda, poder\u00e1 escrever uma carta a Maricruz dizendo o que sente por ela. Ot\u00e1vio diz a Maria Alessandra que por ela ser uma mulher muito bonita, D\u00f3ris est\u00e1 com ci\u00fames. Santa pede a Jose Ant\u00f4nio que tenha cuidado com Esther.<\/p>\n<p>Ot\u00e1vio se surpreende ao ver a filha de Maria Alessandra, e pedindo para v\u00ea-la \u00e9 prontamente interrompido por Maricruz. Teobaldo chega ao cassino. Carola oferece a ele dar o seu posto. Ele se nega. Carola oferece ent\u00e3o deixar com que ele viva na casinha onde morava anteriormente. Esther diz a Jos\u00e9 Ant\u00f4nio que come\u00e7ar\u00e1 a estudar, e que n\u00e3o quer ter problemas com Lucia. Esther o beija. Karim, para impressionar Maria Alessandra, pensa em comprar o Cassino. Ot\u00e1vio diz a Maria Alessandra que ele e D\u00f3ris s\u00e3o apenas amigos e a beija.<\/p>\n<p>Karim diz a Mohammed que est\u00e1 certo que Maria Alessandra ama Ot\u00e1vio e por isso se vingar\u00e1 dela. Ot\u00e1vio declama seu amor a Maria Alessandra. Em seu escrit\u00f3rio, Maria Alessandra diz a Miguel que o mudar\u00e1 de cargo, e explica qual ser\u00e1 sua nova ocupa\u00e7\u00e3o, de supervis\u00e3o no cassino. No quarto de Jos\u00e9 Ant\u00f4nio, ele e Esther se beijam e v\u00e3o para a cama. Miguel comenta com Ot\u00e1vio sobre seu novo cargo no Cassino. Carlos diz a Maria Alessandra que uma pessoa est\u00e1 muito interessada em comprar o cassino.<\/p>\n<p>(*) edi\u00e7\u00e3o das novelas do SBT, &#8220;Cora\u00e7\u00e3o Indom\u00e1vel&#8221;, sujeito a altera\u00e7\u00e3o de data e conte\u00fado.<\/p>\n<p>Sinopse &#8220;Cora\u00e7\u00e3o Indom\u00e1vel&#8221;: A novela conta a hist\u00f3ria da pobre Maricruz que, ap\u00f3s ter sido abandonada pelo marido, decide se vingar daqueles que a humilharam. Ela descobre ser filha de um homem rico, tornando-se uma mulher da alta sociedade.<\/p>\n","protected":false},"excerpt":{"rendered":"<p>Resumo da novela &#8220;Cora\u00e7\u00e3o Indom\u00e1vel&#8221; em 03\/08: no cap\u00edtulo 052(*) da novela, Lucia diz a Esther que est\u00e1 segura de que ela paquera Jos\u00e9 Ant\u00f4nio. Lucia pergunta a Esther se ela planeja ter um romance com Jos\u00e9 Ant\u00f4nio. Na casa de Maria Alessandra ela conta a Ot\u00e1vio o que ocorreu no escrit\u00f3rio do governador e [&hellip;]<\/p>\n","protected":false},"author":4,"featured_media":206133,"comment_status":"closed","ping_status":"closed","sticky":false,"template":"","format":"standard","meta":{"tdm_status":"","tdm_grid_status":"","footnotes":""},"categories":[2200,379,2025,372,343],"tags":[441],"class_list":{"0":"post-208975","1":"post","2":"type-post","3":"status-publish","4":"format-standard","5":"has-post-thumbnail","7":"category-coracao-indomavel","8":"category-novelas","9":"category-resumo","10":"category-sbt","11":"category-televisao","12":"tag-resumo-do-dia"},"_links":{"self":[{"href":"https:\/\/migracao.redenoticia.com.br\/noticia\/wp-json\/wp\/v2\/posts\/208975","targetHints":{"allow":["GET"]}}],"collection":[{"href":"https:\/\/migracao.redenoticia.com.br\/noticia\/wp-json\/wp\/v2\/posts"}],"about":[{"href":"https:\/\/migracao.redenoticia.com.br\/noticia\/wp-json\/wp\/v2\/types\/post"}],"author":[{"embeddable":true,"href":"https:\/\/migracao.redenoticia.com.br\/noticia\/wp-json\/wp\/v2\/users\/4"}],"replies":[{"embeddable":true,"href":"https:\/\/migracao.redenoticia.com.br\/noticia\/wp-json\/wp\/v2\/comments?post=208975"}],"version-history":[{"count":0,"href":"https:\/\/migracao.redenoticia.com.br\/noticia\/wp-json\/wp\/v2\/posts\/208975\/revisions"}],"wp:featuredmedia":[{"embeddable":true,"href":"https:\/\/migracao.redenoticia.com.br\/noticia\/wp-json\/wp\/v2\/media\/206133"}],"wp:attachment":[{"href":"https:\/\/migracao.redenoticia.com.br\/noticia\/wp-json\/wp\/v2\/media?parent=208975"}],"wp:term":[{"taxonomy":"category","embeddable":true,"href":"https:\/\/migracao.redenoticia.com.br\/noticia\/wp-json\/wp\/v2\/categories?post=208975"},{"taxonomy":"post_tag","embeddable":true,"href":"https:\/\/migracao.redenoticia.com.br\/noticia\/wp-json\/wp\/v2\/tags?post=208975"}],"curies":[{"name":"wp","href":"https:\/\/api.w.org\/{rel}","templated":true}]}}