{"id":208979,"date":"2021-08-02T14:51:59","date_gmt":"2021-08-02T17:51:59","guid":{"rendered":"https:\/\/www.redenoticia.com.br\/noticia\/?p=208979"},"modified":"2021-08-02T14:51:59","modified_gmt":"2021-08-02T17:51:59","slug":"resumo-tititi-03-08-alex-flagra-luisa-a-beijar-edgar","status":"publish","type":"post","link":"https:\/\/migracao.redenoticia.com.br\/noticia\/2021\/resumo-tititi-03-08-alex-flagra-luisa-a-beijar-edgar\/208979","title":{"rendered":"Resumo \u201cTiTiTi\u201d 03\/08: Alex flagra Luisa a beijar Edgar"},"content":{"rendered":"<p><img loading=\"lazy\" decoding=\"async\" src=\"https:\/\/migracao.redenoticia.com.br\/noticia\/imagens\/tititi-elenco-personagens.jpeg\" alt=\"\" width=\"1280\" height=\"720\" class=\"aligncenter size-full wp-image-204657\" srcset=\"https:\/\/migracao.redenoticia.com.br\/noticia\/imagens\/tititi-elenco-personagens.jpeg 1280w, https:\/\/migracao.redenoticia.com.br\/noticia\/imagens\/tititi-elenco-personagens-250x140.jpeg 250w, https:\/\/migracao.redenoticia.com.br\/noticia\/imagens\/tititi-elenco-personagens-400x225.jpeg 400w, https:\/\/migracao.redenoticia.com.br\/noticia\/imagens\/tititi-elenco-personagens-768x432.jpeg 768w, https:\/\/migracao.redenoticia.com.br\/noticia\/imagens\/tititi-elenco-personagens-150x85.jpeg 150w\" sizes=\"auto, (max-width: 1280px) 100vw, 1280px\" \/><\/p>\n<p><em><strong>Resumo da novela \u201cTiTiTi\u201d<\/strong><\/em> em 03\/08: no cap\u00edtulo 092(*) da novela, Bruna percebe que Amanda e Giancarlo se conhecem. Luti chega \u00e0 casa de Valqu\u00edria e a encontra com Helinho. Massa n\u00e3o aceita que Thales se case com Jaqueline. Jacques exige que Pedro visite Gabriela. Jaqueline promete dar a Massa uma parte da heran\u00e7a de Soledad. Amanda encontra uma foto de Edgar com Marcela e Paulinho e decide se afastar.<\/p>\n<p>Bruna pressiona Giancarlo a lhe contar o que sabe sobre Amanda. Luti convida Camila para sair. Cec\u00edlia mostra a Ariclenes uma carta de Victor Valentim e afirma que ele voltar\u00e1. Pedro encontra Camila na vila e rouba um beijo, deixando Luti e Gabriela muito enciumados. Alex ouve Luisa falando ao telefone com Edgar. Jacques se encontra com Magda e lhe prop\u00f5e um neg\u00f3cio.<\/p>\n<p>Alex revela a Giancarlo sua suspeita de que Luisa ainda \u00e9 apaixonada por Edgar. Ariclenes conta para Chico que Victor Valentim existiu. Valqu\u00edria procura Luti, mas eles n\u00e3o se entendem. Desir\u00e9e faz um ensaio no hotel onde St\u00e9fany est\u00e1 hospedada e encontra a prima na piscina. Alex flagra Luisa beijando Edgar.<\/p>\n<p>(*) edi\u00e7\u00e3o das novelas da Globo, \u201cTiTiTi\u201d, sujeito a altera\u00e7\u00e3o de data e conte\u00fado.<\/p>\n<p>Sinopse &#8220;TiTiTi&#8221;: Alexandre Borges e Murilo Ben\u00edcio interpretam os rivais da hist\u00f3ria, respectivamente Jacques Leclair e Victor Valentim, que passam a novela inteira se digladiando para ver quem sobressai no mundo na moda como estilista bem-sucedido, com o nome transformado em grife e as cole\u00e7\u00f5es desfiladas nas grandes semanas de moda e fotografadas para as revistas de celebridades.<\/p>\n","protected":false},"excerpt":{"rendered":"<p>Resumo da novela \u201cTiTiTi\u201d em 03\/08: no cap\u00edtulo 092(*) da novela, Bruna percebe que Amanda e Giancarlo se conhecem. Luti chega \u00e0 casa de Valqu\u00edria e a encontra com Helinho. Massa n\u00e3o aceita que Thales se case com Jaqueline. Jacques exige que Pedro visite Gabriela. Jaqueline promete dar a Massa uma parte da heran\u00e7a de [&hellip;]<\/p>\n","protected":false},"author":4,"featured_media":204655,"comment_status":"closed","ping_status":"closed","sticky":false,"template":"","format":"standard","meta":{"tdm_status":"","tdm_grid_status":"","footnotes":""},"categories":[379,375,2025,343,2193],"tags":[441],"class_list":{"0":"post-208979","1":"post","2":"type-post","3":"status-publish","4":"format-standard","5":"has-post-thumbnail","7":"category-novelas","8":"category-rede-globo","9":"category-resumo","10":"category-televisao","11":"category-tititi","12":"tag-resumo-do-dia"},"_links":{"self":[{"href":"https:\/\/migracao.redenoticia.com.br\/noticia\/wp-json\/wp\/v2\/posts\/208979","targetHints":{"allow":["GET"]}}],"collection":[{"href":"https:\/\/migracao.redenoticia.com.br\/noticia\/wp-json\/wp\/v2\/posts"}],"about":[{"href":"https:\/\/migracao.redenoticia.com.br\/noticia\/wp-json\/wp\/v2\/types\/post"}],"author":[{"embeddable":true,"href":"https:\/\/migracao.redenoticia.com.br\/noticia\/wp-json\/wp\/v2\/users\/4"}],"replies":[{"embeddable":true,"href":"https:\/\/migracao.redenoticia.com.br\/noticia\/wp-json\/wp\/v2\/comments?post=208979"}],"version-history":[{"count":0,"href":"https:\/\/migracao.redenoticia.com.br\/noticia\/wp-json\/wp\/v2\/posts\/208979\/revisions"}],"wp:featuredmedia":[{"embeddable":true,"href":"https:\/\/migracao.redenoticia.com.br\/noticia\/wp-json\/wp\/v2\/media\/204655"}],"wp:attachment":[{"href":"https:\/\/migracao.redenoticia.com.br\/noticia\/wp-json\/wp\/v2\/media?parent=208979"}],"wp:term":[{"taxonomy":"category","embeddable":true,"href":"https:\/\/migracao.redenoticia.com.br\/noticia\/wp-json\/wp\/v2\/categories?post=208979"},{"taxonomy":"post_tag","embeddable":true,"href":"https:\/\/migracao.redenoticia.com.br\/noticia\/wp-json\/wp\/v2\/tags?post=208979"}],"curies":[{"name":"wp","href":"https:\/\/api.w.org\/{rel}","templated":true}]}}