{"id":209049,"date":"2021-08-04T12:09:32","date_gmt":"2021-08-04T15:09:32","guid":{"rendered":"https:\/\/www.redenoticia.com.br\/noticia\/?p=209049"},"modified":"2021-08-04T12:09:32","modified_gmt":"2021-08-04T15:09:32","slug":"resumo-chiquititas-05-08-carmen-descobre-que-miguel-esta-a-ligar-para-gabriela","status":"publish","type":"post","link":"https:\/\/migracao.redenoticia.com.br\/noticia\/2021\/resumo-chiquititas-05-08-carmen-descobre-que-miguel-esta-a-ligar-para-gabriela\/209049","title":{"rendered":"Resumo \u201cChiquititas\u201d 05\/08: Carmen descobre que Miguel est\u00e1 a ligar para Gabriela"},"content":{"rendered":"<p><img loading=\"lazy\" decoding=\"async\" class=\"aligncenter size-full wp-image-195897\" src=\"https:\/\/migracao.redenoticia.com.br\/noticia\/imagens\/chiquititas-resumo-sinopse.jpg\" alt=\"\" width=\"1280\" height=\"720\" srcset=\"https:\/\/migracao.redenoticia.com.br\/noticia\/imagens\/chiquititas-resumo-sinopse.jpg 1280w, https:\/\/migracao.redenoticia.com.br\/noticia\/imagens\/chiquititas-resumo-sinopse-250x140.jpg 250w, https:\/\/migracao.redenoticia.com.br\/noticia\/imagens\/chiquititas-resumo-sinopse-400x225.jpg 400w, https:\/\/migracao.redenoticia.com.br\/noticia\/imagens\/chiquititas-resumo-sinopse-768x432.jpg 768w, https:\/\/migracao.redenoticia.com.br\/noticia\/imagens\/chiquititas-resumo-sinopse-150x85.jpg 150w, https:\/\/migracao.redenoticia.com.br\/noticia\/imagens\/chiquititas-resumo-sinopse-696x392.jpg 696w, https:\/\/migracao.redenoticia.com.br\/noticia\/imagens\/chiquititas-resumo-sinopse-1068x601.jpg 1068w\" sizes=\"auto, (max-width: 1280px) 100vw, 1280px\" \/><\/p>\n<p><strong><em>Resumo da novela \u201cChiquititas\u201d<\/em><\/strong> em 05\/08: no cap\u00edtulo 305(*) da novela, Teca entra no orfanato e deixa todos aliviados. Matilde, que finge ser Ernestina, diz sozinha, do lado de fora: &#8220;At\u00e9 que sinto falta desse lugar&#8221;. Sabrina \u00e9 fria com Teca e Chico diz que ela n\u00e3o precisa mais aparecer no orfanato. A mulher vai embora. Marian acha que Carmen vai pegar o dinheiro de Mili, lhe largar e sumir. Gabriela conta para Marian que Miguel lhe telefonou, mas n\u00e3o sabe onde ele est\u00e1. Junior chega em casa. Andreia diz que quer uma festa igual ou melhor da que ele fez para Carol. Bel pede para o namorado Rafa ser seu modelo para ela testar sua c\u00e2mera de fotografia nova. Geraldo vai ao orfanato e convida Bia para passear.<\/p>\n<p>Marian conta para Carmen que Miguel anda ligando para Gabriela. A m\u00e3e de Maria, Joana, vai ao orfanato conversar com a menina. A mulher garante que o padrasto mudou e pede para que Maria volte a morar com ela. Geraldo, Leandra e Bia passeiam pelo parque. No orfanato, todos assistem ao programa Eliana, do SBT, com a participa\u00e7\u00e3o de Thiago. \u00c9rica se declara para Tobias e diz estar apaixonada por ele. Carmen visita Miguel na cadeia. Geraldo deixa Bia no orfanato. Edgard aparece e diz para Geraldo que j\u00e1 o alertou para ficar longe da chiquitita.<\/p>\n<p>(*) edi\u00e7\u00e3o das novelas do SBT, \u201cChiquititas\u201d, sujeito a altera\u00e7\u00e3o de data e conte\u00fado.<\/p>\n","protected":false},"excerpt":{"rendered":"<p>Resumo da novela \u201cChiquititas\u201d em 05\/08: no cap\u00edtulo 305(*) da novela, Teca entra no orfanato e deixa todos aliviados. Matilde, que finge ser Ernestina, diz sozinha, do lado de fora: &#8220;At\u00e9 que sinto falta desse lugar&#8221;. Sabrina \u00e9 fria com Teca e Chico diz que ela n\u00e3o precisa mais aparecer no orfanato. A mulher vai [&hellip;]<\/p>\n","protected":false},"author":4,"featured_media":195894,"comment_status":"closed","ping_status":"closed","sticky":false,"template":"","format":"standard","meta":{"tdm_status":"","tdm_grid_status":"","footnotes":""},"categories":[409,379,2025,372,343],"tags":[441],"class_list":{"0":"post-209049","1":"post","2":"type-post","3":"status-publish","4":"format-standard","5":"has-post-thumbnail","7":"category-chiquititas","8":"category-novelas","9":"category-resumo","10":"category-sbt","11":"category-televisao","12":"tag-resumo-do-dia"},"_links":{"self":[{"href":"https:\/\/migracao.redenoticia.com.br\/noticia\/wp-json\/wp\/v2\/posts\/209049","targetHints":{"allow":["GET"]}}],"collection":[{"href":"https:\/\/migracao.redenoticia.com.br\/noticia\/wp-json\/wp\/v2\/posts"}],"about":[{"href":"https:\/\/migracao.redenoticia.com.br\/noticia\/wp-json\/wp\/v2\/types\/post"}],"author":[{"embeddable":true,"href":"https:\/\/migracao.redenoticia.com.br\/noticia\/wp-json\/wp\/v2\/users\/4"}],"replies":[{"embeddable":true,"href":"https:\/\/migracao.redenoticia.com.br\/noticia\/wp-json\/wp\/v2\/comments?post=209049"}],"version-history":[{"count":0,"href":"https:\/\/migracao.redenoticia.com.br\/noticia\/wp-json\/wp\/v2\/posts\/209049\/revisions"}],"wp:featuredmedia":[{"embeddable":true,"href":"https:\/\/migracao.redenoticia.com.br\/noticia\/wp-json\/wp\/v2\/media\/195894"}],"wp:attachment":[{"href":"https:\/\/migracao.redenoticia.com.br\/noticia\/wp-json\/wp\/v2\/media?parent=209049"}],"wp:term":[{"taxonomy":"category","embeddable":true,"href":"https:\/\/migracao.redenoticia.com.br\/noticia\/wp-json\/wp\/v2\/categories?post=209049"},{"taxonomy":"post_tag","embeddable":true,"href":"https:\/\/migracao.redenoticia.com.br\/noticia\/wp-json\/wp\/v2\/tags?post=209049"}],"curies":[{"name":"wp","href":"https:\/\/api.w.org\/{rel}","templated":true}]}}