{"id":209051,"date":"2021-08-04T12:12:10","date_gmt":"2021-08-04T15:12:10","guid":{"rendered":"https:\/\/www.redenoticia.com.br\/noticia\/?p=209051"},"modified":"2021-08-04T12:12:10","modified_gmt":"2021-08-04T15:12:10","slug":"resumo-tititi-05-08-desiree-flagra-jorgito-a-abracar-thaisa","status":"publish","type":"post","link":"https:\/\/migracao.redenoticia.com.br\/noticia\/2021\/resumo-tititi-05-08-desiree-flagra-jorgito-a-abracar-thaisa\/209051","title":{"rendered":"Resumo \u201cTiTiTi\u201d 05\/08: Desir\u00e9e flagra Jorgito a abra\u00e7ar Tha\u00edsa"},"content":{"rendered":"<p><img loading=\"lazy\" decoding=\"async\" src=\"https:\/\/migracao.redenoticia.com.br\/noticia\/imagens\/tititi-elenco-personagens.jpeg\" alt=\"\" width=\"1280\" height=\"720\" class=\"aligncenter size-full wp-image-204657\" srcset=\"https:\/\/migracao.redenoticia.com.br\/noticia\/imagens\/tititi-elenco-personagens.jpeg 1280w, https:\/\/migracao.redenoticia.com.br\/noticia\/imagens\/tititi-elenco-personagens-250x140.jpeg 250w, https:\/\/migracao.redenoticia.com.br\/noticia\/imagens\/tititi-elenco-personagens-400x225.jpeg 400w, https:\/\/migracao.redenoticia.com.br\/noticia\/imagens\/tititi-elenco-personagens-768x432.jpeg 768w, https:\/\/migracao.redenoticia.com.br\/noticia\/imagens\/tititi-elenco-personagens-150x85.jpeg 150w\" sizes=\"auto, (max-width: 1280px) 100vw, 1280px\" \/><\/p>\n<p><em><strong>Resumo da novela \u201cTiTiTi\u201d<\/strong><\/em> em 05\/08: no cap\u00edtulo 094(*) da novela, Clotilde convence Jacques a ouvir o que Marcela tem a dizer. Breno revela para Tha\u00edsa que inventou que n\u00e3o era seu pai para chamar a aten\u00e7\u00e3o de Rebeca. Marcela faz um acordo com Jacques, mas pede que ele diga que a proposta foi de Renato. Gabriela insiste em se casar com Pedro. Marta desabafa com Ariclenes e Suzana flagra os dois juntos.<\/p>\n<p>Lourdes mostra a proposta de compra da marca de Jacques para Ariclenes. Gustavo comenta com Bruna que Marcela est\u00e1 bem na casa de Giancarlo. Edgar convida Amanda para sair. Nicole vai ao ateli\u00ea de Valentim e encontra Chico vestido como o espanhol. Jacques fecha acordo com Renato. Alex sai com St\u00e9fany e fica entediado. Giancarlo desconfia de que Marcela j\u00e1 sabia do acordo com Jacques. Amanda passa a noite com Edgar.<\/p>\n<p>Rony v\u00ea Nicole saindo do ateli\u00ea de Valentim e conclui que ela \u00e9 amante do espanhol. Jaqueline l\u00ea a not\u00edcia de que Jacques est\u00e1 vendendo sua marca e decide compr\u00e1-la. Armandinho se declara para Desir\u00e9e, mas ela afirma que ama Jorgito. Jaqueline pede para Thales ser seu representante na negocia\u00e7\u00e3o com Jacques. Armandinho v\u00ea as fotos de St\u00e9fany com Alex na c\u00e2mera de Magali.<\/p>\n<p>Rony pede para Adriano publicar a foto de Nicole<\/p>\n<p>Thales diz a Jacques que quer comprar sua marca. Magali revela a Armandinho que eles s\u00e3o irm\u00e3os. Suzana comunica \u00e0 equipe que Jacques desistiu do processo e Valqu\u00edria revela que foi Marcela quem negociou com seu pai. Dona Mocinha conta que teve um caso com Orlando e mostra sua fortuna para os netos. Jorgito n\u00e3o atende \u00e0s chamadas de Desir\u00e9e.<\/p>\n<p>Francis aconselha St\u00e9fany a investir na carreira de modelo. Tha\u00edsa distribui panfletos para descobrir quem \u00e9 seu verdadeiro pai. Clotilde pede que Jacques considere a proposta de Lourdes antes de fechar neg\u00f3cio com Thales. Jaqueline se despede do convento. Adriano assume o comando da SOS Babado e muda o nome da revista para Drix. Rony pede para Adriano publicar a foto de Nicole saindo do ateli\u00ea de Valentim. Marcela visita Bruna e v\u00ea Edgar e Amanda na piscina.<\/p>\n<p>Thales avisa que h\u00e1 outro comprador interessado na grife de Jacques, e Jaqueline contrata M\u00e1rio Fofoca para investigar. Jorgito leva Tha\u00edsa para sua casa. Yasmine diz a Desir\u00e9e que viu Jorgito com Tha\u00edsa e ela resolve tirar satisfa\u00e7\u00e3o com o ex-noivo. Marcela volta \u00e0 casa de Bruna para buscar Paulinho e encontra o filho com Edgar. Desir\u00e9e surge na casa de Jorgito e o flagra abra\u00e7ando Tha\u00edsa.<\/p>\n<p>(*) edi\u00e7\u00e3o das novelas da Globo, \u201cTiTiTi\u201d, sujeito a altera\u00e7\u00e3o de data e conte\u00fado.<\/p>\n<p>Sinopse &#8220;TiTiTi&#8221;: Alexandre Borges e Murilo Ben\u00edcio interpretam os rivais da hist\u00f3ria, respectivamente Jacques Leclair e Victor Valentim, que passam a novela inteira se digladiando para ver quem sobressai no mundo na moda como estilista bem-sucedido, com o nome transformado em grife e as cole\u00e7\u00f5es desfiladas nas grandes semanas de moda e fotografadas para as revistas de celebridades.<\/p>\n","protected":false},"excerpt":{"rendered":"<p>Resumo da novela \u201cTiTiTi\u201d em 05\/08: no cap\u00edtulo 094(*) da novela, Clotilde convence Jacques a ouvir o que Marcela tem a dizer. Breno revela para Tha\u00edsa que inventou que n\u00e3o era seu pai para chamar a aten\u00e7\u00e3o de Rebeca. Marcela faz um acordo com Jacques, mas pede que ele diga que a proposta foi de [&hellip;]<\/p>\n","protected":false},"author":4,"featured_media":204655,"comment_status":"closed","ping_status":"closed","sticky":false,"template":"","format":"standard","meta":{"tdm_status":"","tdm_grid_status":"","footnotes":""},"categories":[379,375,2025,343,2193],"tags":[441],"class_list":{"0":"post-209051","1":"post","2":"type-post","3":"status-publish","4":"format-standard","5":"has-post-thumbnail","7":"category-novelas","8":"category-rede-globo","9":"category-resumo","10":"category-televisao","11":"category-tititi","12":"tag-resumo-do-dia"},"_links":{"self":[{"href":"https:\/\/migracao.redenoticia.com.br\/noticia\/wp-json\/wp\/v2\/posts\/209051","targetHints":{"allow":["GET"]}}],"collection":[{"href":"https:\/\/migracao.redenoticia.com.br\/noticia\/wp-json\/wp\/v2\/posts"}],"about":[{"href":"https:\/\/migracao.redenoticia.com.br\/noticia\/wp-json\/wp\/v2\/types\/post"}],"author":[{"embeddable":true,"href":"https:\/\/migracao.redenoticia.com.br\/noticia\/wp-json\/wp\/v2\/users\/4"}],"replies":[{"embeddable":true,"href":"https:\/\/migracao.redenoticia.com.br\/noticia\/wp-json\/wp\/v2\/comments?post=209051"}],"version-history":[{"count":0,"href":"https:\/\/migracao.redenoticia.com.br\/noticia\/wp-json\/wp\/v2\/posts\/209051\/revisions"}],"wp:featuredmedia":[{"embeddable":true,"href":"https:\/\/migracao.redenoticia.com.br\/noticia\/wp-json\/wp\/v2\/media\/204655"}],"wp:attachment":[{"href":"https:\/\/migracao.redenoticia.com.br\/noticia\/wp-json\/wp\/v2\/media?parent=209051"}],"wp:term":[{"taxonomy":"category","embeddable":true,"href":"https:\/\/migracao.redenoticia.com.br\/noticia\/wp-json\/wp\/v2\/categories?post=209051"},{"taxonomy":"post_tag","embeddable":true,"href":"https:\/\/migracao.redenoticia.com.br\/noticia\/wp-json\/wp\/v2\/tags?post=209051"}],"curies":[{"name":"wp","href":"https:\/\/api.w.org\/{rel}","templated":true}]}}