{"id":209117,"date":"2021-08-06T14:14:56","date_gmt":"2021-08-06T17:14:56","guid":{"rendered":"https:\/\/www.redenoticia.com.br\/noticia\/?p=209117"},"modified":"2021-08-06T14:14:56","modified_gmt":"2021-08-06T17:14:56","slug":"resumo-chiquititas-07-08-fernando-falsifica-os-exames-de-andreia","status":"publish","type":"post","link":"https:\/\/migracao.redenoticia.com.br\/noticia\/2021\/resumo-chiquititas-07-08-fernando-falsifica-os-exames-de-andreia\/209117","title":{"rendered":"Resumo \u201cChiquititas\u201d 07\/08: Fernando falsifica os exames de Andreia"},"content":{"rendered":"<p><img loading=\"lazy\" decoding=\"async\" class=\"aligncenter size-full wp-image-195897\" src=\"https:\/\/migracao.redenoticia.com.br\/noticia\/imagens\/chiquititas-resumo-sinopse.jpg\" alt=\"\" width=\"1280\" height=\"720\" srcset=\"https:\/\/migracao.redenoticia.com.br\/noticia\/imagens\/chiquititas-resumo-sinopse.jpg 1280w, https:\/\/migracao.redenoticia.com.br\/noticia\/imagens\/chiquititas-resumo-sinopse-250x140.jpg 250w, https:\/\/migracao.redenoticia.com.br\/noticia\/imagens\/chiquititas-resumo-sinopse-400x225.jpg 400w, https:\/\/migracao.redenoticia.com.br\/noticia\/imagens\/chiquititas-resumo-sinopse-768x432.jpg 768w, https:\/\/migracao.redenoticia.com.br\/noticia\/imagens\/chiquititas-resumo-sinopse-150x85.jpg 150w, https:\/\/migracao.redenoticia.com.br\/noticia\/imagens\/chiquititas-resumo-sinopse-696x392.jpg 696w, https:\/\/migracao.redenoticia.com.br\/noticia\/imagens\/chiquititas-resumo-sinopse-1068x601.jpg 1068w\" sizes=\"auto, (max-width: 1280px) 100vw, 1280px\" \/><\/p>\n<p><strong><em>Resumo da novela \u201cChiquititas\u201d<\/em><\/strong> em 07\/08: no cap\u00edtulo 307(*) da novela, Helena v\u00ea o p\u00e9 de Lucia sujo e repete mais uma vez que \u00e9 perigoso ela sair sozinha na rua e que a menina pode pegar v\u00e1rios germes. Helena diz que a partir de agora ela ficar\u00e1 trancada no quarto. As meninas dormem. Bia, Pata e Ana sujam o rosto de Marian com chantilly e colocam uma m\u00e1scara de monstro do lado da mini-vil\u00e3. Na manh\u00e3 seguinte, Marian se assusta e grita. Bia filma a cena. Todas riem. Marian jura que ir\u00e1 se vingar de Bia. Andreia liga para Fernando e pressiona ele a falsificar o resultado dos exames. Chico vai at\u00e9 a casa de Carol e conta para ela tudo o que descobriu sobre a arma\u00e7\u00e3o que lhe afastou da dire\u00e7\u00e3o do Raio de Luz.<\/p>\n<p>Chico conta ainda sobre Matilde, que se passa por Ernestina. Carol fica chocada e diz que eles precisam contar essas descobertas, mesmo sem provas, para o doutor Mendes. Carmen castiga todas do orfanato e diz que elas precisam faxinar todo o orfanato. A megera diz que quem fizer algo com Marian, ter\u00e1 que lidar com ela. Fernando falsifica os exames de Andreia. O Dr. Pequenotti vai at\u00e9 a cadeia para averiguar o caso de Ernestina. O advogado diz que far\u00e1 o poss\u00edvel para livr\u00e1-la da cadeia. Lucia acorda e nota que as janelas est\u00e3o tampadas com madeiras e que a porta do quarto est\u00e1 trancada.<\/p>\n<p>(*) edi\u00e7\u00e3o das novelas do SBT, \u201cChiquititas\u201d, sujeito a altera\u00e7\u00e3o de data e conte\u00fado.<\/p>\n","protected":false},"excerpt":{"rendered":"<p>Resumo da novela \u201cChiquititas\u201d em 07\/08: no cap\u00edtulo 307(*) da novela, Helena v\u00ea o p\u00e9 de Lucia sujo e repete mais uma vez que \u00e9 perigoso ela sair sozinha na rua e que a menina pode pegar v\u00e1rios germes. Helena diz que a partir de agora ela ficar\u00e1 trancada no quarto. As meninas dormem. Bia, [&hellip;]<\/p>\n","protected":false},"author":4,"featured_media":195894,"comment_status":"closed","ping_status":"closed","sticky":false,"template":"","format":"standard","meta":{"tdm_status":"","tdm_grid_status":"","footnotes":""},"categories":[409,379,2025,372,343],"tags":[441],"class_list":{"0":"post-209117","1":"post","2":"type-post","3":"status-publish","4":"format-standard","5":"has-post-thumbnail","7":"category-chiquititas","8":"category-novelas","9":"category-resumo","10":"category-sbt","11":"category-televisao","12":"tag-resumo-do-dia"},"_links":{"self":[{"href":"https:\/\/migracao.redenoticia.com.br\/noticia\/wp-json\/wp\/v2\/posts\/209117","targetHints":{"allow":["GET"]}}],"collection":[{"href":"https:\/\/migracao.redenoticia.com.br\/noticia\/wp-json\/wp\/v2\/posts"}],"about":[{"href":"https:\/\/migracao.redenoticia.com.br\/noticia\/wp-json\/wp\/v2\/types\/post"}],"author":[{"embeddable":true,"href":"https:\/\/migracao.redenoticia.com.br\/noticia\/wp-json\/wp\/v2\/users\/4"}],"replies":[{"embeddable":true,"href":"https:\/\/migracao.redenoticia.com.br\/noticia\/wp-json\/wp\/v2\/comments?post=209117"}],"version-history":[{"count":0,"href":"https:\/\/migracao.redenoticia.com.br\/noticia\/wp-json\/wp\/v2\/posts\/209117\/revisions"}],"wp:featuredmedia":[{"embeddable":true,"href":"https:\/\/migracao.redenoticia.com.br\/noticia\/wp-json\/wp\/v2\/media\/195894"}],"wp:attachment":[{"href":"https:\/\/migracao.redenoticia.com.br\/noticia\/wp-json\/wp\/v2\/media?parent=209117"}],"wp:term":[{"taxonomy":"category","embeddable":true,"href":"https:\/\/migracao.redenoticia.com.br\/noticia\/wp-json\/wp\/v2\/categories?post=209117"},{"taxonomy":"post_tag","embeddable":true,"href":"https:\/\/migracao.redenoticia.com.br\/noticia\/wp-json\/wp\/v2\/tags?post=209117"}],"curies":[{"name":"wp","href":"https:\/\/api.w.org\/{rel}","templated":true}]}}