{"id":209268,"date":"2021-08-11T13:36:37","date_gmt":"2021-08-11T16:36:37","guid":{"rendered":"https:\/\/www.redenoticia.com.br\/noticia\/?p=209268"},"modified":"2021-08-11T13:36:37","modified_gmt":"2021-08-11T16:36:37","slug":"resumo-imperio-12-08-teo-decide-denunciar-jose-alfredo","status":"publish","type":"post","link":"https:\/\/migracao.redenoticia.com.br\/noticia\/2021\/resumo-imperio-12-08-teo-decide-denunciar-jose-alfredo\/209268","title":{"rendered":"Resumo \u201cImp\u00e9rio\u201d 12\/08: T\u00e9o decide denunciar Jos\u00e9 Alfredo"},"content":{"rendered":"<p><img loading=\"lazy\" decoding=\"async\" class=\"aligncenter size-full wp-image-205063\" src=\"https:\/\/migracao.redenoticia.com.br\/noticia\/imagens\/novela-imperio-resumo-elenco.jpeg\" alt=\"\" width=\"1280\" height=\"720\" srcset=\"https:\/\/migracao.redenoticia.com.br\/noticia\/imagens\/novela-imperio-resumo-elenco.jpeg 1280w, https:\/\/migracao.redenoticia.com.br\/noticia\/imagens\/novela-imperio-resumo-elenco-250x140.jpeg 250w, https:\/\/migracao.redenoticia.com.br\/noticia\/imagens\/novela-imperio-resumo-elenco-400x225.jpeg 400w, https:\/\/migracao.redenoticia.com.br\/noticia\/imagens\/novela-imperio-resumo-elenco-768x432.jpeg 768w, https:\/\/migracao.redenoticia.com.br\/noticia\/imagens\/novela-imperio-resumo-elenco-150x85.jpeg 150w\" sizes=\"auto, (max-width: 1280px) 100vw, 1280px\" \/><\/p>\n<p><em><strong>Resumo novela \u201cImp\u00e9rio\u201d<\/strong><\/em> em 12\/08: no cap\u00edtulo 106(*) da novela, Cl\u00e1udio, Merival e Beatriz comemoram o fim do processo. Maur\u00edlio inventa uma desculpa para Jos\u00e9 Pedro, que pede para conversar com Danielle. Enrico provoca Vicente no bar do Manoel. Jos\u00e9 Alfredo pensa em Maria \u00cdsis. Danielle tenta convencer Jos\u00e9 Pedro de que n\u00e3o se aliou a Maur\u00edlio. Magn\u00f3lia e Severo pensam em viajar. \u00c9rika tenta ajudar T\u00e9o. Jos\u00e9 Pedro conta para Maria Marta que flagrou Danielle com Maur\u00edlio. Xana aconselha Vicente a pensar bem antes de trocar Cristina por Maria Clara.<\/p>\n<p>Enrico se irrita ao ver que T\u00e9o foi preso depois da audi\u00eancia contra Cl\u00e1udio. Orville diz a Carmem que eles precisam cuidar de Salvador. T\u00e9o \u00e9 libertado. Leonardo incentiva Amanda a se casar com Jos\u00e9 Pedro. T\u00e9o tem uma crise ao ver seu nome nas manchetes e decide denunciar Jos\u00e9 Alfredo. Cora estranha a rea\u00e7\u00e3o de Cristina ao ler as not\u00edcias sobre o pai. Jos\u00e9 Alfredo manda Josu\u00e9 dar in\u00edcio a seu plano.<\/p>\n<p>(*) edi\u00e7\u00e3o das novelas da Globo, \u201cImp\u00e9rio\u201d, sujeito a altera\u00e7\u00e3o de data e conte\u00fado.<\/p>\n<p>Sinopse Novela &#8220;Imp\u00e9rio&#8221;: hist\u00f3ria do pernambucano Jos\u00e9 Alfredo de Medeiros (Chay Suede\/Alexandre Nero), o homem de preto. Dono de uma rede de joalherias, o Comendador tem tr\u00eas filhos com a aristocrata falida Maria Marta Mendon\u00e7a e Albuquerque (Adriana Birolli\/Lilia Cabral): Jos\u00e9 Pedro (Caio Blat), Maria Clara (Andreia Horta) e Jo\u00e3o Lucas (Daniel Rocha). Os tr\u00eas disputam a heran\u00e7a da empresa constru\u00edda pelo pai.<\/p>\n","protected":false},"excerpt":{"rendered":"<p>Resumo novela \u201cImp\u00e9rio\u201d em 12\/08: no cap\u00edtulo 106(*) da novela, Cl\u00e1udio, Merival e Beatriz comemoram o fim do processo. Maur\u00edlio inventa uma desculpa para Jos\u00e9 Pedro, que pede para conversar com Danielle. Enrico provoca Vicente no bar do Manoel. Jos\u00e9 Alfredo pensa em Maria \u00cdsis. Danielle tenta convencer Jos\u00e9 Pedro de que n\u00e3o se aliou [&hellip;]<\/p>\n","protected":false},"author":4,"featured_media":205061,"comment_status":"closed","ping_status":"closed","sticky":false,"template":"","format":"standard","meta":{"tdm_status":"","tdm_grid_status":"","footnotes":""},"categories":[2196,379,375,2025,343],"tags":[441],"class_list":{"0":"post-209268","1":"post","2":"type-post","3":"status-publish","4":"format-standard","5":"has-post-thumbnail","7":"category-imperio","8":"category-novelas","9":"category-rede-globo","10":"category-resumo","11":"category-televisao","12":"tag-resumo-do-dia"},"_links":{"self":[{"href":"https:\/\/migracao.redenoticia.com.br\/noticia\/wp-json\/wp\/v2\/posts\/209268","targetHints":{"allow":["GET"]}}],"collection":[{"href":"https:\/\/migracao.redenoticia.com.br\/noticia\/wp-json\/wp\/v2\/posts"}],"about":[{"href":"https:\/\/migracao.redenoticia.com.br\/noticia\/wp-json\/wp\/v2\/types\/post"}],"author":[{"embeddable":true,"href":"https:\/\/migracao.redenoticia.com.br\/noticia\/wp-json\/wp\/v2\/users\/4"}],"replies":[{"embeddable":true,"href":"https:\/\/migracao.redenoticia.com.br\/noticia\/wp-json\/wp\/v2\/comments?post=209268"}],"version-history":[{"count":0,"href":"https:\/\/migracao.redenoticia.com.br\/noticia\/wp-json\/wp\/v2\/posts\/209268\/revisions"}],"wp:featuredmedia":[{"embeddable":true,"href":"https:\/\/migracao.redenoticia.com.br\/noticia\/wp-json\/wp\/v2\/media\/205061"}],"wp:attachment":[{"href":"https:\/\/migracao.redenoticia.com.br\/noticia\/wp-json\/wp\/v2\/media?parent=209268"}],"wp:term":[{"taxonomy":"category","embeddable":true,"href":"https:\/\/migracao.redenoticia.com.br\/noticia\/wp-json\/wp\/v2\/categories?post=209268"},{"taxonomy":"post_tag","embeddable":true,"href":"https:\/\/migracao.redenoticia.com.br\/noticia\/wp-json\/wp\/v2\/tags?post=209268"}],"curies":[{"name":"wp","href":"https:\/\/api.w.org\/{rel}","templated":true}]}}