{"id":209293,"date":"2021-08-12T13:30:53","date_gmt":"2021-08-12T16:30:53","guid":{"rendered":"https:\/\/www.redenoticia.com.br\/noticia\/?p=209293"},"modified":"2021-08-12T13:30:53","modified_gmt":"2021-08-12T16:30:53","slug":"resumo-tititi-13-08-luisa-seda-edgar","status":"publish","type":"post","link":"https:\/\/migracao.redenoticia.com.br\/noticia\/2021\/resumo-tititi-13-08-luisa-seda-edgar\/209293","title":{"rendered":"Resumo \u201cTiTiTi\u201d 13\/08: Luisa seda Edgar"},"content":{"rendered":"<p><img loading=\"lazy\" decoding=\"async\" src=\"https:\/\/migracao.redenoticia.com.br\/noticia\/imagens\/tititi-elenco-personagens.jpeg\" alt=\"\" width=\"1280\" height=\"720\" class=\"aligncenter size-full wp-image-204657\" srcset=\"https:\/\/migracao.redenoticia.com.br\/noticia\/imagens\/tititi-elenco-personagens.jpeg 1280w, https:\/\/migracao.redenoticia.com.br\/noticia\/imagens\/tititi-elenco-personagens-250x140.jpeg 250w, https:\/\/migracao.redenoticia.com.br\/noticia\/imagens\/tititi-elenco-personagens-400x225.jpeg 400w, https:\/\/migracao.redenoticia.com.br\/noticia\/imagens\/tititi-elenco-personagens-768x432.jpeg 768w, https:\/\/migracao.redenoticia.com.br\/noticia\/imagens\/tititi-elenco-personagens-150x85.jpeg 150w\" sizes=\"auto, (max-width: 1280px) 100vw, 1280px\" \/><\/p>\n<p><em><strong>Resumo da novela \u201cTiTiTi\u201d<\/strong><\/em> em 13\/08: no cap\u00edtulo 100(*) da novela, M\u00e1rio recebe Cec\u00edlia, vestido de Valentim, e finge que \u00e9 o seu antigo amor. Dorinha avisa que a ag\u00eancia n\u00e3o tem mais interesse em Tha\u00edsa. St\u00e9fany tenta propor um acordo para Armandinho, mas \u00e9 expulsa de casa. \u00c2ngelo pede o telefone de Camila para Luti e ele demonstra ci\u00fame. Ariclenes aparece na cl\u00ednica para ver Cec\u00edlia e sonda sobre sua visita ao ateli\u00ea de Valentim.<\/p>\n<p>Dona Mocinha vai atr\u00e1s de St\u00e9fany na casa de Gino e promete tentar um acordo com Armandinho. Luisa sabota o ensaio de Amanda e Yasmine v\u00ea. Helinho incentiva Valqu\u00edria a se acertar com Luti. Magda desfaz seu neg\u00f3cio com Jacques, e Clotilde o aconselha a se reaproximar de Jaqueline. Bruna se surpreende com o entrosamento de Marcela e Renato.<\/p>\n<p>Amanda sofre um acidente e \u00e9 substitu\u00edda por Desir\u00e9e. Nicole \u00e9 convidada para participar de mais um programa na TV e esnoba Chico. \u00c2ngelo e Camila se encontram. Luti decide ir atr\u00e1s de Camila. Gabriela perde o beb\u00ea. Jacques chega ao ateli\u00ea para falar com Jaqueline quando Ariclenes surge. Luisa seda Edgar.<\/p>\n<p>(*) edi\u00e7\u00e3o das novelas da Globo, \u201cTiTiTi\u201d, sujeito a altera\u00e7\u00e3o de data e conte\u00fado.<\/p>\n<p>Sinopse &#8220;TiTiTi&#8221;: Alexandre Borges e Murilo Ben\u00edcio interpretam os rivais da hist\u00f3ria, respectivamente Jacques Leclair e Victor Valentim, que passam a novela inteira se digladiando para ver quem sobressai no mundo na moda como estilista bem-sucedido, com o nome transformado em grife e as cole\u00e7\u00f5es desfiladas nas grandes semanas de moda e fotografadas para as revistas de celebridades.<\/p>\n","protected":false},"excerpt":{"rendered":"<p>Resumo da novela \u201cTiTiTi\u201d em 13\/08: no cap\u00edtulo 100(*) da novela, M\u00e1rio recebe Cec\u00edlia, vestido de Valentim, e finge que \u00e9 o seu antigo amor. Dorinha avisa que a ag\u00eancia n\u00e3o tem mais interesse em Tha\u00edsa. St\u00e9fany tenta propor um acordo para Armandinho, mas \u00e9 expulsa de casa. \u00c2ngelo pede o telefone de Camila para [&hellip;]<\/p>\n","protected":false},"author":4,"featured_media":204655,"comment_status":"closed","ping_status":"closed","sticky":false,"template":"","format":"standard","meta":{"tdm_status":"","tdm_grid_status":"","footnotes":""},"categories":[379,375,2025,343,2193],"tags":[441],"class_list":{"0":"post-209293","1":"post","2":"type-post","3":"status-publish","4":"format-standard","5":"has-post-thumbnail","7":"category-novelas","8":"category-rede-globo","9":"category-resumo","10":"category-televisao","11":"category-tititi","12":"tag-resumo-do-dia"},"_links":{"self":[{"href":"https:\/\/migracao.redenoticia.com.br\/noticia\/wp-json\/wp\/v2\/posts\/209293","targetHints":{"allow":["GET"]}}],"collection":[{"href":"https:\/\/migracao.redenoticia.com.br\/noticia\/wp-json\/wp\/v2\/posts"}],"about":[{"href":"https:\/\/migracao.redenoticia.com.br\/noticia\/wp-json\/wp\/v2\/types\/post"}],"author":[{"embeddable":true,"href":"https:\/\/migracao.redenoticia.com.br\/noticia\/wp-json\/wp\/v2\/users\/4"}],"replies":[{"embeddable":true,"href":"https:\/\/migracao.redenoticia.com.br\/noticia\/wp-json\/wp\/v2\/comments?post=209293"}],"version-history":[{"count":0,"href":"https:\/\/migracao.redenoticia.com.br\/noticia\/wp-json\/wp\/v2\/posts\/209293\/revisions"}],"wp:featuredmedia":[{"embeddable":true,"href":"https:\/\/migracao.redenoticia.com.br\/noticia\/wp-json\/wp\/v2\/media\/204655"}],"wp:attachment":[{"href":"https:\/\/migracao.redenoticia.com.br\/noticia\/wp-json\/wp\/v2\/media?parent=209293"}],"wp:term":[{"taxonomy":"category","embeddable":true,"href":"https:\/\/migracao.redenoticia.com.br\/noticia\/wp-json\/wp\/v2\/categories?post=209293"},{"taxonomy":"post_tag","embeddable":true,"href":"https:\/\/migracao.redenoticia.com.br\/noticia\/wp-json\/wp\/v2\/tags?post=209293"}],"curies":[{"name":"wp","href":"https:\/\/api.w.org\/{rel}","templated":true}]}}