{"id":209299,"date":"2021-08-12T13:41:39","date_gmt":"2021-08-12T16:41:39","guid":{"rendered":"https:\/\/www.redenoticia.com.br\/noticia\/?p=209299"},"modified":"2021-08-12T13:41:39","modified_gmt":"2021-08-12T16:41:39","slug":"resumo-pega-pega-13-08-eric-descobre-que-luiza-esta-a-dormir-no-quarto-de-funcionarios-do-hotel","status":"publish","type":"post","link":"https:\/\/migracao.redenoticia.com.br\/noticia\/2021\/resumo-pega-pega-13-08-eric-descobre-que-luiza-esta-a-dormir-no-quarto-de-funcionarios-do-hotel\/209299","title":{"rendered":"Resumo &#8220;Pega Pega&#8221; 13\/08: Eric descobre que Luiza est\u00e1 a dormir no quarto de funcion\u00e1rios do hotel"},"content":{"rendered":"<p><img loading=\"lazy\" decoding=\"async\" class=\"aligncenter size-full wp-image-208391\" src=\"https:\/\/migracao.redenoticia.com.br\/noticia\/imagens\/pega-pega-resumo-novela-elenco-personagens.jpeg\" alt=\"\" width=\"1280\" height=\"720\" srcset=\"https:\/\/migracao.redenoticia.com.br\/noticia\/imagens\/pega-pega-resumo-novela-elenco-personagens.jpeg 1280w, https:\/\/migracao.redenoticia.com.br\/noticia\/imagens\/pega-pega-resumo-novela-elenco-personagens-250x140.jpeg 250w, https:\/\/migracao.redenoticia.com.br\/noticia\/imagens\/pega-pega-resumo-novela-elenco-personagens-400x225.jpeg 400w, https:\/\/migracao.redenoticia.com.br\/noticia\/imagens\/pega-pega-resumo-novela-elenco-personagens-768x432.jpeg 768w, https:\/\/migracao.redenoticia.com.br\/noticia\/imagens\/pega-pega-resumo-novela-elenco-personagens-150x85.jpeg 150w\" sizes=\"auto, (max-width: 1280px) 100vw, 1280px\" \/><\/p>\n<p><em><strong>Resumo novela &#8220;Pega Pega&#8221;<\/strong><\/em> em 13\/08: no cap\u00edtulo 023(*) da novela, Ant\u00f4nia repreende Nelito e Pedrinho por terem descartado a torta. Agnaldo conta a Malagueta que seu plano deu certo. J\u00falio assiste \u00e0 entrevista de Siqueira, que revela que Ant\u00f4nia recebeu uma amea\u00e7a. Xavier conta a Malagueta que viu Luiza vestida como arrumadeira, ao lado de C\u00edntia. Agnaldo diz a Sandra Helena que reparou que ela n\u00e3o gosta de seu irm\u00e3o. Eric descobre que Sabine fez com que os empres\u00e1rios desistissem de investir no hotel. Crist\u00f3v\u00e3o aconselha Bebeth a cuidar da sa\u00fade. Malagueta conta a Eric que Luiza tem dormido todas as noites em um quarto de funcion\u00e1rios do hotel. R\u00fabia conta a Luiza que Pedrinho ligou pra ela. Douglas incentiva Luiza a ficar com Eric. Eric procura Luiza no hotel.<\/p>\n<p>Eric decide falar com Pedrinho<\/p>\n<p>Eric afirma a Luiza que seu lugar \u00e9 a seu lado. Malagueta avisa a J\u00falio que devolver dinheiro \u00e9 mais dif\u00edcil que roubar. Luiza diz a Eric que pode ajud\u00e1-lo a cuidar do hotel. Douglas avisa a Eric que Bebeth n\u00e3o est\u00e1 bem. Bebeth concorda em se tratar com Mathias. Luiza decide morar com Eric. Eric surpreende Douglas ao lhe agradecer por ter cuidado de Luiza. Expedito diz a Siqueira que achou estranho o depoimento de Waldemir. Siqueira manda Expedito procurar a mulher de Waldemir, por ele estar em coma. Eric decide falar com Pedrinho sobre Luiza. Luiza avisa a Maria Pia que est\u00e1 morando com Eric.<\/p>\n<p>(*) edi\u00e7\u00e3o das novelas da Globo, &#8220;Pega Pega&#8221;, sujeito a altera\u00e7\u00e3o de data e conte\u00fado.<\/p>\n<p>Sinopse &#8220;Pega Pega&#8221;: a trama central \u00e9 o roubo ao Hotel Carioca Palace e seus desdobramentos na vida de cada um dos envolvidos, sejam eles h\u00f3spedes, suspeitos ou convidados do grande baile de gala. Neta do dono do Hotel, Lu\u00edza (Camila Queiroz), que vive por l\u00e1 desde crian\u00e7a, v\u00ea sua festa de 25 anos se transformar em uma grande investiga\u00e7\u00e3o policial.<\/p>\n<p>O roubo de 40 milh\u00f5es de d\u00f3lares do cofre, fruto da venda de Pedrinho Guimar\u00e3es (Marcos Caruso), sem consentimento da herdeira, do Carioca Palace para Eric Ribeiro (Mateus Solano), \u00e9 arquitetado por quatro funcion\u00e1rios: o concierge Malagueta (Marcelo Serrado), o gar\u00e7om J\u00falio (Thiago Martins), o recepcionista Agnaldo (Jo\u00e3o Baldasserini) e a camareira Sandra Helena (Nanda Costa). A princ\u00edpio eles hesitam, mas depois, diante de situa\u00e7\u00f5es limite na vida de cada um, topam participar do roubo.<\/p>\n","protected":false},"excerpt":{"rendered":"<p>Resumo novela &#8220;Pega Pega&#8221; em 13\/08: no cap\u00edtulo 023(*) da novela, Ant\u00f4nia repreende Nelito e Pedrinho por terem descartado a torta. Agnaldo conta a Malagueta que seu plano deu certo. J\u00falio assiste \u00e0 entrevista de Siqueira, que revela que Ant\u00f4nia recebeu uma amea\u00e7a. Xavier conta a Malagueta que viu Luiza vestida como arrumadeira, ao lado [&hellip;]<\/p>\n","protected":false},"author":4,"featured_media":208390,"comment_status":"closed","ping_status":"closed","sticky":false,"template":"","format":"standard","meta":{"tdm_status":"","tdm_grid_status":"","footnotes":""},"categories":[379,2217,375,2025,343],"tags":[441],"class_list":{"0":"post-209299","1":"post","2":"type-post","3":"status-publish","4":"format-standard","5":"has-post-thumbnail","7":"category-novelas","8":"category-pega-pega","9":"category-rede-globo","10":"category-resumo","11":"category-televisao","12":"tag-resumo-do-dia"},"_links":{"self":[{"href":"https:\/\/migracao.redenoticia.com.br\/noticia\/wp-json\/wp\/v2\/posts\/209299","targetHints":{"allow":["GET"]}}],"collection":[{"href":"https:\/\/migracao.redenoticia.com.br\/noticia\/wp-json\/wp\/v2\/posts"}],"about":[{"href":"https:\/\/migracao.redenoticia.com.br\/noticia\/wp-json\/wp\/v2\/types\/post"}],"author":[{"embeddable":true,"href":"https:\/\/migracao.redenoticia.com.br\/noticia\/wp-json\/wp\/v2\/users\/4"}],"replies":[{"embeddable":true,"href":"https:\/\/migracao.redenoticia.com.br\/noticia\/wp-json\/wp\/v2\/comments?post=209299"}],"version-history":[{"count":0,"href":"https:\/\/migracao.redenoticia.com.br\/noticia\/wp-json\/wp\/v2\/posts\/209299\/revisions"}],"wp:featuredmedia":[{"embeddable":true,"href":"https:\/\/migracao.redenoticia.com.br\/noticia\/wp-json\/wp\/v2\/media\/208390"}],"wp:attachment":[{"href":"https:\/\/migracao.redenoticia.com.br\/noticia\/wp-json\/wp\/v2\/media?parent=209299"}],"wp:term":[{"taxonomy":"category","embeddable":true,"href":"https:\/\/migracao.redenoticia.com.br\/noticia\/wp-json\/wp\/v2\/categories?post=209299"},{"taxonomy":"post_tag","embeddable":true,"href":"https:\/\/migracao.redenoticia.com.br\/noticia\/wp-json\/wp\/v2\/tags?post=209299"}],"curies":[{"name":"wp","href":"https:\/\/api.w.org\/{rel}","templated":true}]}}