{"id":209302,"date":"2021-08-12T13:43:44","date_gmt":"2021-08-12T16:43:44","guid":{"rendered":"https:\/\/www.redenoticia.com.br\/noticia\/?p=209302"},"modified":"2021-08-12T13:43:44","modified_gmt":"2021-08-12T16:43:44","slug":"resumo-imperio-13-08-jose-alfredo-ataca-maurilio-e-passa-mal","status":"publish","type":"post","link":"https:\/\/migracao.redenoticia.com.br\/noticia\/2021\/resumo-imperio-13-08-jose-alfredo-ataca-maurilio-e-passa-mal\/209302","title":{"rendered":"Resumo \u201cImp\u00e9rio\u201d 13\/08: Jos\u00e9 Alfredo ataca Maur\u00edlio e passa mal"},"content":{"rendered":"<p><img loading=\"lazy\" decoding=\"async\" class=\"aligncenter size-full wp-image-205063\" src=\"https:\/\/migracao.redenoticia.com.br\/noticia\/imagens\/novela-imperio-resumo-elenco.jpeg\" alt=\"\" width=\"1280\" height=\"720\" srcset=\"https:\/\/migracao.redenoticia.com.br\/noticia\/imagens\/novela-imperio-resumo-elenco.jpeg 1280w, https:\/\/migracao.redenoticia.com.br\/noticia\/imagens\/novela-imperio-resumo-elenco-250x140.jpeg 250w, https:\/\/migracao.redenoticia.com.br\/noticia\/imagens\/novela-imperio-resumo-elenco-400x225.jpeg 400w, https:\/\/migracao.redenoticia.com.br\/noticia\/imagens\/novela-imperio-resumo-elenco-768x432.jpeg 768w, https:\/\/migracao.redenoticia.com.br\/noticia\/imagens\/novela-imperio-resumo-elenco-150x85.jpeg 150w\" sizes=\"auto, (max-width: 1280px) 100vw, 1280px\" \/><\/p>\n<p><em><strong>Resumo novela \u201cImp\u00e9rio\u201d<\/strong><\/em> em 13\/08: no cap\u00edtulo 107(*) da novela, Bianca avisa a Cl\u00e1udio e Beatriz do novo ataque de T\u00e9o a Jos\u00e9 Alfredo. Jos\u00e9 Alfredo diz para Maria Marta que tomou as provid\u00eancias necess\u00e1rias contra T\u00e9o. Cl\u00e1udio visita Leonardo. Otoniel comenta com Antoninho sobre o estado de Jurema. Cora fala com Cristina que ir\u00e1 depor contra Jos\u00e9 Alfredo. Cl\u00e1udio comenta com Beatriz que Leonardo est\u00e1 envolvido com Amanda. Cora decide contar sua hist\u00f3ria para T\u00e9o.<\/p>\n<p>Jonas avisa a Orville que o colecionador argentino quer negociar os quadros de Salvador. Jos\u00e9 Alfredo se lembra da noite em que Sebasti\u00e3o morreu. Jos\u00e9 Alfredo pede para Maria Marta convidar Maur\u00edlio para ir \u00e0 sua casa. Um policial procura pelo Comendador na mans\u00e3o. A joalheria Imp\u00e9rio \u00e9 invadida por fiscais. Jos\u00e9 Alfredo observa o l\u00edquido esverdeado no vidro. Jos\u00e9 Alfredo ataca Maur\u00edlio e acaba passando mal.<\/p>\n<p>(*) edi\u00e7\u00e3o das novelas da Globo, \u201cImp\u00e9rio\u201d, sujeito a altera\u00e7\u00e3o de data e conte\u00fado.<\/p>\n<p>Sinopse Novela &#8220;Imp\u00e9rio&#8221;: hist\u00f3ria do pernambucano Jos\u00e9 Alfredo de Medeiros (Chay Suede\/Alexandre Nero), o homem de preto. Dono de uma rede de joalherias, o Comendador tem tr\u00eas filhos com a aristocrata falida Maria Marta Mendon\u00e7a e Albuquerque (Adriana Birolli\/Lilia Cabral): Jos\u00e9 Pedro (Caio Blat), Maria Clara (Andreia Horta) e Jo\u00e3o Lucas (Daniel Rocha). Os tr\u00eas disputam a heran\u00e7a da empresa constru\u00edda pelo pai.<\/p>\n","protected":false},"excerpt":{"rendered":"<p>Resumo novela \u201cImp\u00e9rio\u201d em 13\/08: no cap\u00edtulo 107(*) da novela, Bianca avisa a Cl\u00e1udio e Beatriz do novo ataque de T\u00e9o a Jos\u00e9 Alfredo. Jos\u00e9 Alfredo diz para Maria Marta que tomou as provid\u00eancias necess\u00e1rias contra T\u00e9o. Cl\u00e1udio visita Leonardo. Otoniel comenta com Antoninho sobre o estado de Jurema. Cora fala com Cristina que ir\u00e1 [&hellip;]<\/p>\n","protected":false},"author":4,"featured_media":205061,"comment_status":"closed","ping_status":"closed","sticky":false,"template":"","format":"standard","meta":{"tdm_status":"","tdm_grid_status":"","footnotes":""},"categories":[2196,379,375,2025,343],"tags":[441],"class_list":{"0":"post-209302","1":"post","2":"type-post","3":"status-publish","4":"format-standard","5":"has-post-thumbnail","7":"category-imperio","8":"category-novelas","9":"category-rede-globo","10":"category-resumo","11":"category-televisao","12":"tag-resumo-do-dia"},"_links":{"self":[{"href":"https:\/\/migracao.redenoticia.com.br\/noticia\/wp-json\/wp\/v2\/posts\/209302","targetHints":{"allow":["GET"]}}],"collection":[{"href":"https:\/\/migracao.redenoticia.com.br\/noticia\/wp-json\/wp\/v2\/posts"}],"about":[{"href":"https:\/\/migracao.redenoticia.com.br\/noticia\/wp-json\/wp\/v2\/types\/post"}],"author":[{"embeddable":true,"href":"https:\/\/migracao.redenoticia.com.br\/noticia\/wp-json\/wp\/v2\/users\/4"}],"replies":[{"embeddable":true,"href":"https:\/\/migracao.redenoticia.com.br\/noticia\/wp-json\/wp\/v2\/comments?post=209302"}],"version-history":[{"count":0,"href":"https:\/\/migracao.redenoticia.com.br\/noticia\/wp-json\/wp\/v2\/posts\/209302\/revisions"}],"wp:featuredmedia":[{"embeddable":true,"href":"https:\/\/migracao.redenoticia.com.br\/noticia\/wp-json\/wp\/v2\/media\/205061"}],"wp:attachment":[{"href":"https:\/\/migracao.redenoticia.com.br\/noticia\/wp-json\/wp\/v2\/media?parent=209302"}],"wp:term":[{"taxonomy":"category","embeddable":true,"href":"https:\/\/migracao.redenoticia.com.br\/noticia\/wp-json\/wp\/v2\/categories?post=209302"},{"taxonomy":"post_tag","embeddable":true,"href":"https:\/\/migracao.redenoticia.com.br\/noticia\/wp-json\/wp\/v2\/tags?post=209302"}],"curies":[{"name":"wp","href":"https:\/\/api.w.org\/{rel}","templated":true}]}}