{"id":209338,"date":"2021-08-13T12:39:03","date_gmt":"2021-08-13T15:39:03","guid":{"rendered":"https:\/\/www.redenoticia.com.br\/noticia\/?p=209338"},"modified":"2021-08-13T12:39:03","modified_gmt":"2021-08-13T15:39:03","slug":"resumo-imperio-14-08-todos-seguem-o-cortejo-para-o-enterro-de-jose-alfredo","status":"publish","type":"post","link":"https:\/\/migracao.redenoticia.com.br\/noticia\/2021\/resumo-imperio-14-08-todos-seguem-o-cortejo-para-o-enterro-de-jose-alfredo\/209338","title":{"rendered":"Resumo \u201cImp\u00e9rio\u201d 14\/08: Todos seguem o cortejo para o enterro de Jos\u00e9 Alfredo"},"content":{"rendered":"<p><img loading=\"lazy\" decoding=\"async\" class=\"aligncenter size-full wp-image-205063\" src=\"https:\/\/migracao.redenoticia.com.br\/noticia\/imagens\/novela-imperio-resumo-elenco.jpeg\" alt=\"\" width=\"1280\" height=\"720\" srcset=\"https:\/\/migracao.redenoticia.com.br\/noticia\/imagens\/novela-imperio-resumo-elenco.jpeg 1280w, https:\/\/migracao.redenoticia.com.br\/noticia\/imagens\/novela-imperio-resumo-elenco-250x140.jpeg 250w, https:\/\/migracao.redenoticia.com.br\/noticia\/imagens\/novela-imperio-resumo-elenco-400x225.jpeg 400w, https:\/\/migracao.redenoticia.com.br\/noticia\/imagens\/novela-imperio-resumo-elenco-768x432.jpeg 768w, https:\/\/migracao.redenoticia.com.br\/noticia\/imagens\/novela-imperio-resumo-elenco-150x85.jpeg 150w\" sizes=\"auto, (max-width: 1280px) 100vw, 1280px\" \/><\/p>\n<p><em><strong>Resumo novela \u201cImp\u00e9rio\u201d<\/strong><\/em> em 14\/08: no cap\u00edtulo 108(*) da novela, Silviano acusa Maur\u00edlio pela morte do Comendador. A pol\u00edcia retorna \u00e0 mans\u00e3o e Jos\u00e9 Pedro informa o ocorrido. Josu\u00e9 pede para usar o celular de Marisa para contar a Cristina sobre a morte de Jos\u00e9 Alfredo. T\u00e9o se surpreende com a hist\u00f3ria de Cora. Cora entra em crise ao saber da morte de Jos\u00e9 Alfredo e conta para Maria \u00cdsis, que desmaia ao receber a not\u00edcia. Danielle facilita a entrada de \u00c9rika na mans\u00e3o.<\/p>\n<p>Josu\u00e9 retira do bolso de Jos\u00e9 Alfredo o frasco de l\u00edquido verde. Maria \u00cdsis vai \u00e0 casa de Maria Marta e as duas preparam o corpo de Jos\u00e9 Alfredo. Maria Clara, Jos\u00e9 Pedro e Jo\u00e3o Lucas decidem cremar o corpo de Jos\u00e9 Alfredo, mas Cristina chama Josu\u00e9 para impedir os irm\u00e3os. Jos\u00e9 Pedro expulsa Danielle de sua casa. Todos seguem o cortejo para o enterro de Jos\u00e9 Alfredo. Cora se esconde atr\u00e1s do t\u00famulo, depois que todos se afastam. Jos\u00e9 Alfredo abre os olhos dentro do caix\u00e3o.<\/p>\n<p>Cora pensa em abrir caix\u00e3o de Z\u00e9<\/p>\n<p>Cora pensa em abrir o caix\u00e3o de Jos\u00e9 Alfredo. Jos\u00e9 Alfredo se lembra dos pedidos que fez a Josu\u00e9. Cora dorme no cemit\u00e9rio. Cristina pensa na conversa que teve com Jos\u00e9 Alfredo antes do ocorrido e manda Josu\u00e9 se apressar para ir ao cemit\u00e9rio. Salvador ouve Orville vender seus quadros e decide fugir. Maur\u00edlio consegue um advogado para Danielle. Orville procura Salvador. Maria Marta decide casar Amanda e Jos\u00e9 Pedro.<\/p>\n<p>Maria Marta liga para \u00cdsis. Magn\u00f3lia afirma que n\u00e3o ajudar\u00e1 a filha. Helena consola Maria Marta. Elivaldo pede para Cristina abandonar a fam\u00edlia de Jos\u00e9 Alfredo. Maria Marta chora pensando em Jos\u00e9 Alfredo. Enrico leva um fora de Maria Clara. Beatriz n\u00e3o aceita que Enrico seja o culpado pela sabotagem ao restaurante. Cl\u00e1udio liga para Leonardo. Vicente se preocupa com Maria \u00cdsis. Josu\u00e9 atropela Salvador a caminho do cemit\u00e9rio.<\/p>\n<p>(*) edi\u00e7\u00e3o das novelas da Globo, \u201cImp\u00e9rio\u201d, sujeito a altera\u00e7\u00e3o de data e conte\u00fado.<\/p>\n<p>Sinopse Novela &#8220;Imp\u00e9rio&#8221;: hist\u00f3ria do pernambucano Jos\u00e9 Alfredo de Medeiros (Chay Suede\/Alexandre Nero), o homem de preto. Dono de uma rede de joalherias, o Comendador tem tr\u00eas filhos com a aristocrata falida Maria Marta Mendon\u00e7a e Albuquerque (Adriana Birolli\/Lilia Cabral): Jos\u00e9 Pedro (Caio Blat), Maria Clara (Andreia Horta) e Jo\u00e3o Lucas (Daniel Rocha). Os tr\u00eas disputam a heran\u00e7a da empresa constru\u00edda pelo pai.<\/p>\n","protected":false},"excerpt":{"rendered":"<p>Resumo novela \u201cImp\u00e9rio\u201d em 14\/08: no cap\u00edtulo 108(*) da novela, Silviano acusa Maur\u00edlio pela morte do Comendador. A pol\u00edcia retorna \u00e0 mans\u00e3o e Jos\u00e9 Pedro informa o ocorrido. Josu\u00e9 pede para usar o celular de Marisa para contar a Cristina sobre a morte de Jos\u00e9 Alfredo. T\u00e9o se surpreende com a hist\u00f3ria de Cora. Cora [&hellip;]<\/p>\n","protected":false},"author":4,"featured_media":205061,"comment_status":"closed","ping_status":"closed","sticky":false,"template":"","format":"standard","meta":{"tdm_status":"","tdm_grid_status":"","footnotes":""},"categories":[2196,379,375,2025,343],"tags":[441],"class_list":{"0":"post-209338","1":"post","2":"type-post","3":"status-publish","4":"format-standard","5":"has-post-thumbnail","7":"category-imperio","8":"category-novelas","9":"category-rede-globo","10":"category-resumo","11":"category-televisao","12":"tag-resumo-do-dia"},"_links":{"self":[{"href":"https:\/\/migracao.redenoticia.com.br\/noticia\/wp-json\/wp\/v2\/posts\/209338","targetHints":{"allow":["GET"]}}],"collection":[{"href":"https:\/\/migracao.redenoticia.com.br\/noticia\/wp-json\/wp\/v2\/posts"}],"about":[{"href":"https:\/\/migracao.redenoticia.com.br\/noticia\/wp-json\/wp\/v2\/types\/post"}],"author":[{"embeddable":true,"href":"https:\/\/migracao.redenoticia.com.br\/noticia\/wp-json\/wp\/v2\/users\/4"}],"replies":[{"embeddable":true,"href":"https:\/\/migracao.redenoticia.com.br\/noticia\/wp-json\/wp\/v2\/comments?post=209338"}],"version-history":[{"count":0,"href":"https:\/\/migracao.redenoticia.com.br\/noticia\/wp-json\/wp\/v2\/posts\/209338\/revisions"}],"wp:featuredmedia":[{"embeddable":true,"href":"https:\/\/migracao.redenoticia.com.br\/noticia\/wp-json\/wp\/v2\/media\/205061"}],"wp:attachment":[{"href":"https:\/\/migracao.redenoticia.com.br\/noticia\/wp-json\/wp\/v2\/media?parent=209338"}],"wp:term":[{"taxonomy":"category","embeddable":true,"href":"https:\/\/migracao.redenoticia.com.br\/noticia\/wp-json\/wp\/v2\/categories?post=209338"},{"taxonomy":"post_tag","embeddable":true,"href":"https:\/\/migracao.redenoticia.com.br\/noticia\/wp-json\/wp\/v2\/tags?post=209338"}],"curies":[{"name":"wp","href":"https:\/\/api.w.org\/{rel}","templated":true}]}}