{"id":209406,"date":"2021-08-16T19:27:35","date_gmt":"2021-08-16T22:27:35","guid":{"rendered":"https:\/\/www.redenoticia.com.br\/noticia\/?p=209406"},"modified":"2021-08-16T19:27:35","modified_gmt":"2021-08-16T22:27:35","slug":"resumo-imperio-17-08-jose-alfredo-comeca-a-trabalhar-no-garimpo","status":"publish","type":"post","link":"https:\/\/migracao.redenoticia.com.br\/noticia\/2021\/resumo-imperio-17-08-jose-alfredo-comeca-a-trabalhar-no-garimpo\/209406","title":{"rendered":"Resumo \u201cImp\u00e9rio\u201d 17\/08: Jos\u00e9 Alfredo come\u00e7a a trabalhar no garimpo"},"content":{"rendered":"<p> <img loading=\"lazy\" decoding=\"async\" class=\"aligncenter size-full wp-image-205063\" src=\"https:\/\/migracao.redenoticia.com.br\/noticia\/imagens\/novela-imperio-resumo-elenco.jpeg\" alt=\"\" width=\"1280\" height=\"720\" srcset=\"https:\/\/migracao.redenoticia.com.br\/noticia\/imagens\/novela-imperio-resumo-elenco.jpeg 1280w, https:\/\/migracao.redenoticia.com.br\/noticia\/imagens\/novela-imperio-resumo-elenco-250x140.jpeg 250w, https:\/\/migracao.redenoticia.com.br\/noticia\/imagens\/novela-imperio-resumo-elenco-400x225.jpeg 400w, https:\/\/migracao.redenoticia.com.br\/noticia\/imagens\/novela-imperio-resumo-elenco-768x432.jpeg 768w, https:\/\/migracao.redenoticia.com.br\/noticia\/imagens\/novela-imperio-resumo-elenco-150x85.jpeg 150w\" sizes=\"auto, (max-width: 1280px) 100vw, 1280px\" \/><\/p>\n<p><em><strong>Resumo novela \u201cImp\u00e9rio\u201d<\/strong><\/em> em 17\/08: no cap\u00edtulo 110(*) da novela, Cora guarda o anel de Jos\u00e9 Alfredo. Jos\u00e9 Alfredo viaja para uma cidade do interior. Orville encontra Salvador. Merival avisa que Maria Marta e seus filhos devem obedecer \u00e0s determina\u00e7\u00f5es do Comendador para n\u00e3o se prejudicarem na partilha da joalheria Imp\u00e9rio. Maur\u00edlio pede Maria Marta em casamento. Jos\u00e9 Pedro constata que as contas da joalheria Imp\u00e9rio est\u00e3o zeradas e faz uma reuni\u00e3o com seus irm\u00e3os.<\/p>\n<p>Amanda leva Du ao m\u00e9dico. Jos\u00e9 Alfredo chega a sua nova cidade e compra um lote em um garimpo. Maur\u00edlio conta para T\u00e9o sobre a crise financeira da joalheria Imp\u00e9rio. Maria \u00cdsis se recusa a falar com Magn\u00f3lia e \u00c9rika incentiva Robert\u00e3o a procurar a irm\u00e3. Maria Marta pensa em aceitar a proposta de casamento de Maur\u00edlio. Jos\u00e9 Alfredo come\u00e7a a trabalhar no garimpo.<\/p>\n<p>(*) edi\u00e7\u00e3o das novelas da Globo, \u201cImp\u00e9rio\u201d, sujeito a altera\u00e7\u00e3o de data e conte\u00fado.<\/p>\n<p>Sinopse Novela &#8220;Imp\u00e9rio&#8221;: hist\u00f3ria do pernambucano Jos\u00e9 Alfredo de Medeiros (Chay Suede\/Alexandre Nero), o homem de preto. Dono de uma rede de joalherias, o Comendador tem tr\u00eas filhos com a aristocrata falida Maria Marta Mendon\u00e7a e Albuquerque (Adriana Birolli\/Lilia Cabral): Jos\u00e9 Pedro (Caio Blat), Maria Clara (Andreia Horta) e Jo\u00e3o Lucas (Daniel Rocha). Os tr\u00eas disputam a heran\u00e7a da empresa constru\u00edda pelo pai. <\/p>\n","protected":false},"excerpt":{"rendered":"<p>Resumo novela \u201cImp\u00e9rio\u201d em 17\/08: no cap\u00edtulo 110(*) da novela, Cora guarda o anel de Jos\u00e9 Alfredo. Jos\u00e9 Alfredo viaja para uma cidade do interior. Orville encontra Salvador. Merival avisa que Maria Marta e seus filhos devem obedecer \u00e0s determina\u00e7\u00f5es do Comendador para n\u00e3o se prejudicarem na partilha da joalheria Imp\u00e9rio. Maur\u00edlio pede Maria Marta [&hellip;]<\/p>\n","protected":false},"author":2,"featured_media":205061,"comment_status":"closed","ping_status":"closed","sticky":false,"template":"","format":"standard","meta":{"tdm_status":"","tdm_grid_status":"","footnotes":""},"categories":[2196,379,375,2025,343],"tags":[441],"class_list":{"0":"post-209406","1":"post","2":"type-post","3":"status-publish","4":"format-standard","5":"has-post-thumbnail","7":"category-imperio","8":"category-novelas","9":"category-rede-globo","10":"category-resumo","11":"category-televisao","12":"tag-resumo-do-dia"},"_links":{"self":[{"href":"https:\/\/migracao.redenoticia.com.br\/noticia\/wp-json\/wp\/v2\/posts\/209406","targetHints":{"allow":["GET"]}}],"collection":[{"href":"https:\/\/migracao.redenoticia.com.br\/noticia\/wp-json\/wp\/v2\/posts"}],"about":[{"href":"https:\/\/migracao.redenoticia.com.br\/noticia\/wp-json\/wp\/v2\/types\/post"}],"author":[{"embeddable":true,"href":"https:\/\/migracao.redenoticia.com.br\/noticia\/wp-json\/wp\/v2\/users\/2"}],"replies":[{"embeddable":true,"href":"https:\/\/migracao.redenoticia.com.br\/noticia\/wp-json\/wp\/v2\/comments?post=209406"}],"version-history":[{"count":0,"href":"https:\/\/migracao.redenoticia.com.br\/noticia\/wp-json\/wp\/v2\/posts\/209406\/revisions"}],"wp:featuredmedia":[{"embeddable":true,"href":"https:\/\/migracao.redenoticia.com.br\/noticia\/wp-json\/wp\/v2\/media\/205061"}],"wp:attachment":[{"href":"https:\/\/migracao.redenoticia.com.br\/noticia\/wp-json\/wp\/v2\/media?parent=209406"}],"wp:term":[{"taxonomy":"category","embeddable":true,"href":"https:\/\/migracao.redenoticia.com.br\/noticia\/wp-json\/wp\/v2\/categories?post=209406"},{"taxonomy":"post_tag","embeddable":true,"href":"https:\/\/migracao.redenoticia.com.br\/noticia\/wp-json\/wp\/v2\/tags?post=209406"}],"curies":[{"name":"wp","href":"https:\/\/api.w.org\/{rel}","templated":true}]}}