{"id":209436,"date":"2021-08-17T12:32:48","date_gmt":"2021-08-17T15:32:48","guid":{"rendered":"https:\/\/www.redenoticia.com.br\/noticia\/?p=209436"},"modified":"2021-08-17T12:32:48","modified_gmt":"2021-08-17T15:32:48","slug":"resumo-chiquititas-18-08-carol-descobre-que-andreia-mentiu-sobre-a-sua-doenca","status":"publish","type":"post","link":"https:\/\/migracao.redenoticia.com.br\/noticia\/2021\/resumo-chiquititas-18-08-carol-descobre-que-andreia-mentiu-sobre-a-sua-doenca\/209436","title":{"rendered":"Resumo \u201cChiquititas\u201d 18\/08: Carol descobre que Andreia mentiu sobre a sua doen\u00e7a"},"content":{"rendered":"<p><img loading=\"lazy\" decoding=\"async\" class=\"aligncenter size-full wp-image-195897\" src=\"https:\/\/migracao.redenoticia.com.br\/noticia\/imagens\/chiquititas-resumo-sinopse.jpg\" alt=\"\" width=\"1280\" height=\"720\" srcset=\"https:\/\/migracao.redenoticia.com.br\/noticia\/imagens\/chiquititas-resumo-sinopse.jpg 1280w, https:\/\/migracao.redenoticia.com.br\/noticia\/imagens\/chiquititas-resumo-sinopse-250x140.jpg 250w, https:\/\/migracao.redenoticia.com.br\/noticia\/imagens\/chiquititas-resumo-sinopse-400x225.jpg 400w, https:\/\/migracao.redenoticia.com.br\/noticia\/imagens\/chiquititas-resumo-sinopse-768x432.jpg 768w, https:\/\/migracao.redenoticia.com.br\/noticia\/imagens\/chiquititas-resumo-sinopse-150x85.jpg 150w, https:\/\/migracao.redenoticia.com.br\/noticia\/imagens\/chiquititas-resumo-sinopse-696x392.jpg 696w, https:\/\/migracao.redenoticia.com.br\/noticia\/imagens\/chiquititas-resumo-sinopse-1068x601.jpg 1068w\" sizes=\"auto, (max-width: 1280px) 100vw, 1280px\" \/><\/p>\n<p><strong><em>Resumo da novela \u201cChiquititas\u201d<\/em><\/strong> em 18\/08: no cap\u00edtulo 316(*) da novela, Mili vai at\u00e9 a mans\u00e3o dos Almeida Campos para rever Gabriela, ap\u00f3s o sequestro. Marian fica irritada com a chegada de Mili. Gabi e Mili conversam. As Chiquititas chegam \u00e0 conclus\u00e3o de que Maria \u00e9 a pessoa ideal para se vingar de Marian. Maria revela todas as maldades que Marian j\u00e1 fez. Gabriela avisa que um dos vestidos de Mili ficou l\u00e1. Mili vai ao quarto onde est\u00e1 Marian para pegar seu vestido e conversar com a garota. Duda leva flores para Pata, diz que gosta dela e est\u00e1 disposto a esperar o tempo que for por ela.<\/p>\n<p>Pata promete pensar. Na mans\u00e3o dos Almeida Campos, Mili diz que quer se explicar para Marian, que responde de maneira ir\u00f4nica: \u201cN\u00e3o precisa, obrigada e at\u00e9 logo\u201d. Mili insiste, diz que n\u00e3o quer provoca\u00e7\u00f5es e que se preocupa com Gabi de verdade. Marian diz que Mili sempre quis ser ela. Na sequ\u00eancia, Marian diz que ela n\u00e3o levar\u00e1 o vestido que usou quando voltou a enxergar. Mili diz que o vestido tem import\u00e2ncia sentimental e que \u00e9 dela, Gabriela entra no quarto e diz que Marian sabe que o vestido \u00e9 de Mili.<\/p>\n<p>Marian responde que agora o vestido \u00e9 dela e que Mili n\u00e3o tem onde us\u00e1-lo. Mili abre m\u00e3o do vestido e vai embora. Carmen recebe uma liga\u00e7\u00e3o da pol\u00edcia pedindo para ela ir at\u00e9 a delegacia prestar um depoimento. Andreia tenta consolar ela, mas \u00e9 dispensada por Carmen. Maria conta para as chiquititas menores que est\u00e1 com medo do que Marian pode fazer com ela caso a chiquitita descubra que ela contou tudo. Dani, Ana, Tati, Teca e Maria levam lanches e brinquedos para as crian\u00e7as que trabalham do ferro velho, do lado do lix\u00e3o.<\/p>\n<p>Na delegacia, Carmen fala com o advogado pelo celular. Carol e Junior chegam. Durante o depoimento, Carmen nega todas as acusa\u00e7\u00f5es e inventa mentiras para o delegado, que anota tudo. Marian veste o vestido que era de Mili e diz que ficou muito melhor nela. Em casa, Carol explica para Junior que possui medo de Carmen conseguir se livrar de tudo. Junior pede para ela se afastar do orfanato para preservar sua vida. Carol diz que n\u00e3o pode sair do orfanato para proteger as crian\u00e7as. Junior conta para Carol que Andreia mentiu o tempo todo sobre a doen\u00e7a com o apoio de Fernando. Lucia diz para Neco que quer fugir com ele.<\/p>\n<p>Carol conversa com Cintia e diz que avisou a pol\u00edcia. Cintia diz que ela pode continuar a trabalhar no orfanato e que por ela, Carol seria a cuidadora, mas Carmen n\u00e3o quer isso de jeito algum. Tobias conta para Beto que Maria Cec\u00edlia o proibiu de subir no administrativo do Caf\u00e9 Boutique. Maria mostra o t\u00fanel do orfanato para Neco, que pensa em utiliz\u00e1-lo para esconder L\u00facia. Marian vai at\u00e9 o orfanato vestindo o vestido de Mili e todas dizem que Teca confessou que Marian estava por tr\u00e1s das fofocas publicadas no jornal da escola.<\/p>\n<p>(*) edi\u00e7\u00e3o das novelas do SBT, \u201cChiquititas\u201d, sujeito a altera\u00e7\u00e3o de data e conte\u00fado.<\/p>\n","protected":false},"excerpt":{"rendered":"<p>Resumo da novela \u201cChiquititas\u201d em 18\/08: no cap\u00edtulo 316(*) da novela, Mili vai at\u00e9 a mans\u00e3o dos Almeida Campos para rever Gabriela, ap\u00f3s o sequestro. Marian fica irritada com a chegada de Mili. Gabi e Mili conversam. As Chiquititas chegam \u00e0 conclus\u00e3o de que Maria \u00e9 a pessoa ideal para se vingar de Marian. Maria [&hellip;]<\/p>\n","protected":false},"author":4,"featured_media":195894,"comment_status":"closed","ping_status":"closed","sticky":false,"template":"","format":"standard","meta":{"tdm_status":"","tdm_grid_status":"","footnotes":""},"categories":[409,379,2025,372,343],"tags":[441],"class_list":{"0":"post-209436","1":"post","2":"type-post","3":"status-publish","4":"format-standard","5":"has-post-thumbnail","7":"category-chiquititas","8":"category-novelas","9":"category-resumo","10":"category-sbt","11":"category-televisao","12":"tag-resumo-do-dia"},"_links":{"self":[{"href":"https:\/\/migracao.redenoticia.com.br\/noticia\/wp-json\/wp\/v2\/posts\/209436","targetHints":{"allow":["GET"]}}],"collection":[{"href":"https:\/\/migracao.redenoticia.com.br\/noticia\/wp-json\/wp\/v2\/posts"}],"about":[{"href":"https:\/\/migracao.redenoticia.com.br\/noticia\/wp-json\/wp\/v2\/types\/post"}],"author":[{"embeddable":true,"href":"https:\/\/migracao.redenoticia.com.br\/noticia\/wp-json\/wp\/v2\/users\/4"}],"replies":[{"embeddable":true,"href":"https:\/\/migracao.redenoticia.com.br\/noticia\/wp-json\/wp\/v2\/comments?post=209436"}],"version-history":[{"count":0,"href":"https:\/\/migracao.redenoticia.com.br\/noticia\/wp-json\/wp\/v2\/posts\/209436\/revisions"}],"wp:featuredmedia":[{"embeddable":true,"href":"https:\/\/migracao.redenoticia.com.br\/noticia\/wp-json\/wp\/v2\/media\/195894"}],"wp:attachment":[{"href":"https:\/\/migracao.redenoticia.com.br\/noticia\/wp-json\/wp\/v2\/media?parent=209436"}],"wp:term":[{"taxonomy":"category","embeddable":true,"href":"https:\/\/migracao.redenoticia.com.br\/noticia\/wp-json\/wp\/v2\/categories?post=209436"},{"taxonomy":"post_tag","embeddable":true,"href":"https:\/\/migracao.redenoticia.com.br\/noticia\/wp-json\/wp\/v2\/tags?post=209436"}],"curies":[{"name":"wp","href":"https:\/\/api.w.org\/{rel}","templated":true}]}}