{"id":209522,"date":"2021-08-18T12:23:16","date_gmt":"2021-08-18T15:23:16","guid":{"rendered":"https:\/\/www.redenoticia.com.br\/noticia\/?p=209522"},"modified":"2021-08-18T12:23:16","modified_gmt":"2021-08-18T15:23:16","slug":"resumo-tititi-19-08-ariclenes-incentiva-jacques-a-procurar-jaqueline","status":"publish","type":"post","link":"https:\/\/migracao.redenoticia.com.br\/noticia\/2021\/resumo-tititi-19-08-ariclenes-incentiva-jacques-a-procurar-jaqueline\/209522","title":{"rendered":"Resumo \u201cTiTiTi\u201d 19\/08: Ariclenes incentiva Jacques a procurar Jaqueline"},"content":{"rendered":"<p><img loading=\"lazy\" decoding=\"async\" src=\"https:\/\/migracao.redenoticia.com.br\/noticia\/imagens\/tititi-elenco-personagens.jpeg\" alt=\"\" width=\"1280\" height=\"720\" class=\"aligncenter size-full wp-image-204657\" srcset=\"https:\/\/migracao.redenoticia.com.br\/noticia\/imagens\/tititi-elenco-personagens.jpeg 1280w, https:\/\/migracao.redenoticia.com.br\/noticia\/imagens\/tititi-elenco-personagens-250x140.jpeg 250w, https:\/\/migracao.redenoticia.com.br\/noticia\/imagens\/tititi-elenco-personagens-400x225.jpeg 400w, https:\/\/migracao.redenoticia.com.br\/noticia\/imagens\/tititi-elenco-personagens-768x432.jpeg 768w, https:\/\/migracao.redenoticia.com.br\/noticia\/imagens\/tititi-elenco-personagens-150x85.jpeg 150w\" sizes=\"auto, (max-width: 1280px) 100vw, 1280px\" \/><\/p>\n<p><em><strong>Resumo da novela \u201cTiTiTi\u201d<\/strong><\/em> em 19\/08: no cap\u00edtulo 104(*) da novela, Edgar desiste de viajar para o Rio de Janeiro. Giancarlo avisa a Marcela que deixou Paulinho com Bruna e Gustavo. Stela sugere que Renato mostre a cidade para Marcela. Nicole percebe que Marta est\u00e1 apaixonada por Ariclenes. Cec\u00edlia pede para Ariclenes levar Valentim \u00e0 cl\u00ednica para visit\u00e1-la. Magda vai ao ateli\u00ea para se encontrar com Chico. Breno tenta mostrar seus exames para Tha\u00edsa, mas ela se esquiva. Julinho convida Eduardo para a inaugura\u00e7\u00e3o do ateli\u00ea de Jaqueline.<\/p>\n<p>Renato passeia com Marcela no Rio de Janeiro. Valqu\u00edria sugere uma sess\u00e3o de cinema com Luti e o novo casal, Camila e \u00c2ngelo. Jacques e Ariclenes se encontram no bar e acabam bebendo juntos. Marcela assiste aos desfiles do Fashion Rio com Stela. Jaqueline recebe seus convidados no ateli\u00ea. Ariclenes incentiva Jacques a procurar Jaqueline. Jacques invade a inaugura\u00e7\u00e3o do ateli\u00ea e cai aos p\u00e9s de Jaqueline, pedindo perd\u00e3o na frente de todos.<\/p>\n<p>(*) edi\u00e7\u00e3o das novelas da Globo, \u201cTiTiTi\u201d, sujeito a altera\u00e7\u00e3o de data e conte\u00fado.<\/p>\n<p>Sinopse &#8220;TiTiTi&#8221;: Alexandre Borges e Murilo Ben\u00edcio interpretam os rivais da hist\u00f3ria, respectivamente Jacques Leclair e Victor Valentim, que passam a novela inteira se digladiando para ver quem sobressai no mundo na moda como estilista bem-sucedido, com o nome transformado em grife e as cole\u00e7\u00f5es desfiladas nas grandes semanas de moda e fotografadas para as revistas de celebridades.<\/p>\n","protected":false},"excerpt":{"rendered":"<p>Resumo da novela \u201cTiTiTi\u201d em 19\/08: no cap\u00edtulo 104(*) da novela, Edgar desiste de viajar para o Rio de Janeiro. Giancarlo avisa a Marcela que deixou Paulinho com Bruna e Gustavo. Stela sugere que Renato mostre a cidade para Marcela. Nicole percebe que Marta est\u00e1 apaixonada por Ariclenes. Cec\u00edlia pede para Ariclenes levar Valentim \u00e0 [&hellip;]<\/p>\n","protected":false},"author":4,"featured_media":204655,"comment_status":"closed","ping_status":"closed","sticky":false,"template":"","format":"standard","meta":{"tdm_status":"","tdm_grid_status":"","footnotes":""},"categories":[379,375,343,2193],"tags":[441],"class_list":{"0":"post-209522","1":"post","2":"type-post","3":"status-publish","4":"format-standard","5":"has-post-thumbnail","7":"category-novelas","8":"category-rede-globo","9":"category-televisao","10":"category-tititi","11":"tag-resumo-do-dia"},"_links":{"self":[{"href":"https:\/\/migracao.redenoticia.com.br\/noticia\/wp-json\/wp\/v2\/posts\/209522","targetHints":{"allow":["GET"]}}],"collection":[{"href":"https:\/\/migracao.redenoticia.com.br\/noticia\/wp-json\/wp\/v2\/posts"}],"about":[{"href":"https:\/\/migracao.redenoticia.com.br\/noticia\/wp-json\/wp\/v2\/types\/post"}],"author":[{"embeddable":true,"href":"https:\/\/migracao.redenoticia.com.br\/noticia\/wp-json\/wp\/v2\/users\/4"}],"replies":[{"embeddable":true,"href":"https:\/\/migracao.redenoticia.com.br\/noticia\/wp-json\/wp\/v2\/comments?post=209522"}],"version-history":[{"count":0,"href":"https:\/\/migracao.redenoticia.com.br\/noticia\/wp-json\/wp\/v2\/posts\/209522\/revisions"}],"wp:featuredmedia":[{"embeddable":true,"href":"https:\/\/migracao.redenoticia.com.br\/noticia\/wp-json\/wp\/v2\/media\/204655"}],"wp:attachment":[{"href":"https:\/\/migracao.redenoticia.com.br\/noticia\/wp-json\/wp\/v2\/media?parent=209522"}],"wp:term":[{"taxonomy":"category","embeddable":true,"href":"https:\/\/migracao.redenoticia.com.br\/noticia\/wp-json\/wp\/v2\/categories?post=209522"},{"taxonomy":"post_tag","embeddable":true,"href":"https:\/\/migracao.redenoticia.com.br\/noticia\/wp-json\/wp\/v2\/tags?post=209522"}],"curies":[{"name":"wp","href":"https:\/\/api.w.org\/{rel}","templated":true}]}}